{"id":84148,"date":"2017-03-21T14:35:35","date_gmt":"2017-03-21T17:35:35","guid":{"rendered":"http:\/\/prensa.mendoza.gov.ar\/?p=84148"},"modified":"2017-03-21T14:35:35","modified_gmt":"2017-03-21T17:35:35","slug":"economia-lanzo-un-ciclo-de-capacitacion-orientado-a-pequenos-y-medianos-comerciantes-del-este","status":"publish","type":"post","link":"https:\/\/www.mendoza.gov.ar\/prensa\/economia-lanzo-un-ciclo-de-capacitacion-orientado-a-pequenos-y-medianos-comerciantes-del-este\/","title":{"rendered":"Econom\u00eda lanz\u00f3 un ciclo de capacitaci\u00f3n para peque\u00f1os y medianos comerciantes del Este"},"content":{"rendered":"<!DOCTYPE html PUBLIC \"-\/\/W3C\/\/DTD HTML 4.0 Transitional\/\/EN\" \"http:\/\/www.w3.org\/TR\/REC-html40\/loose.dtd\">\n<html><body><p>El Ministerio de Econom&iacute;a, Infraestructura y Energ&iacute;a, a trav&eacute;s del Instituto de Desarrollo Comercial (IDC), lanz&oacute; un nuevo ciclo de capacitaci&oacute;n orientado a peque&ntilde;os y medianos comerciantes del Este provincial.<\/p>\n<p>Ser&aacute;n cinco los ejes que se abarcar&aacute;n en un total de 10 encuentros que comenzar&aacute;n el pr&oacute;ximo 27 de marzo y finalizar&aacute;n a mediados de abril, de 14 a 17. Las jornadas tendr&aacute;n lugar en las &nbsp;instalaciones de la C&aacute;mara de Comercio, Industria y Agricultura del departamento de San Mart&iacute;n y en la Casa del Bicentenario de Jun&iacute;n.<\/p>\n<p>&ldquo;Este nuevo espacio de capacitaci&oacute;n, enmarcado en el proyecto AL-Invest 5.0 y financiado por la Uni&oacute;n Europea, brindar&aacute; herramientas concretas para lograr comercios m&aacute;s competitivos y comprometidos con los clientes y el mercado local&rdquo;, remarc&oacute; Daniel Dimartino, gerente general del IDC.<\/p>\n<p>Los encuentros estar&aacute;n a cargo de profesionales de la Universidad Nacional de Cuyo.<\/p>\n<p><strong>Contenidos<\/strong><\/p>\n<ul>\n<li>Liderazgo y motivaci&oacute;n (27 y 28 de marzo).<\/li>\n<li>T&eacute;cnicas de venta (3 y 4 de abril).<\/li>\n<li>Publicidad y promoci&oacute;n (10 y 11 de abril).<\/li>\n<li>Costo y formaci&oacute;n de precios (17 y 18 de abril).<\/li>\n<li>Delegaci&oacute;n de tareas (24 y 25 de abril).<\/li>\n<\/ul>\n<p><strong>Inscripciones<\/strong><\/p>\n<p>Los&nbsp;interesados en asistir u obtener mayor informaci&oacute;n deben comunicarse al tel&eacute;fono 0261 4230093 o enviar un correo electr&oacute;nico a info@idc.org.ar. Cupos limitados. Entrada gratuita.<\/p>\n<p><strong>Sobre AL-Invest 5.0<\/strong><\/p>\n<p>El programa AL-Ivest es uno de los proyectos de cooperaci&oacute;n internacional m&aacute;s importantes de la Comisi&oacute;n Europea en Latinoam&eacute;rica. Inici&oacute; sus actividades en 1994 como una forma de atraer inversiones europeas a Am&eacute;rica Latina, luego de cuatro exitosas etapas, y teniendo en cuenta los contextos sociales y econ&oacute;micos. En su quinta etapa (AL-Invest 5.0), se enfoca en mejorar la productividad de las empresas, ampliar los nexos entre ellas y trabajar su internacionalizaci&oacute;n. El programa AL-Invest 5.0 se desarrolla desde 2016, y por un periodo de cuatro a&ntilde;os, con la coordinaci&oacute;n de un consorcio internacional ejecutor liderado por la C&aacute;mara de Industria, Comercio, Servicios y Turismo de Santa Cruz-Bolivia (CAINCO).<\/p>\n<p>En el marco de este Programa el Instituto de Desarrollo Comercial, obtuvo un subsidio para implementar un proyecto de apoyo a las pymes mendocinas, donde se encuadra esta acci&oacute;n.<\/p>\n<\/body><\/html>\n","protected":false},"excerpt":{"rendered":"Los encuentros ser\u00e1n entre el 27 de marzo y el 25 de abril en los departamentos de San Mart\u00edn y Jun\u00edn. Es necesario inscribirse previamente para asistir. Los cupos son limitados.","protected":false},"author":2,"featured_media":84150,"comment_status":"open","ping_status":"open","sticky":false,"template":"","format":"standard","meta":[],"categories":[1],"tags":[],"_links":{"self":[{"href":"https:\/\/www.mendoza.gov.ar\/prensa\/wp-json\/wp\/v2\/posts\/84148"}],"collection":[{"href":"https:\/\/www.mendoza.gov.ar\/prensa\/wp-json\/wp\/v2\/posts"}],"about":[{"href":"https:\/\/www.mendoza.gov.ar\/prensa\/wp-json\/wp\/v2\/types\/post"}],"author":[{"embeddable":true,"href":"https:\/\/www.mendoza.gov.ar\/prensa\/wp-json\/wp\/v2\/users\/2"}],"replies":[{"embeddable":true,"href":"https:\/\/www.mendoza.gov.ar\/prensa\/wp-json\/wp\/v2\/comments?post=84148"}],"version-history":[{"count":0,"href":"https:\/\/www.mendoza.gov.ar\/prensa\/wp-json\/wp\/v2\/posts\/84148\/revisions"}],"wp:featuredmedia":[{"embeddable":true,"href":"https:\/\/www.mendoza.gov.ar\/prensa\/wp-json\/wp\/v2\/media\/84150"}],"wp:attachment":[{"href":"https:\/\/www.mendoza.gov.ar\/prensa\/wp-json\/wp\/v2\/media?parent=84148"}],"wp:term":[{"taxonomy":"category","embeddable":true,"href":"https:\/\/www.mendoza.gov.ar\/prensa\/wp-json\/wp\/v2\/categories?post=84148"},{"taxonomy":"post_tag","embeddable":true,"href":"https:\/\/www.mendoza.gov.ar\/prensa\/wp-json\/wp\/v2\/tags?post=84148"}],"curies":[{"name":"wp","href":"https:\/\/api.w.org\/{rel}","templated":true}]}}