{"id":84347,"date":"2017-03-24T10:01:29","date_gmt":"2017-03-24T13:01:29","guid":{"rendered":"http:\/\/prensa.mendoza.gov.ar\/?p=84347"},"modified":"2017-03-24T10:01:29","modified_gmt":"2017-03-24T13:01:29","slug":"servicios-sanitarios-capacitan-a-operadores-municipales-en-calculo-de-redes","status":"publish","type":"post","link":"https:\/\/www.mendoza.gov.ar\/prensa\/servicios-sanitarios-capacitan-a-operadores-municipales-en-calculo-de-redes\/","title":{"rendered":"Servicios sanitarios: capacitan a operadores municipales en c\u00e1lculo de redes"},"content":{"rendered":"<!DOCTYPE html PUBLIC \"-\/\/W3C\/\/DTD HTML 4.0 Transitional\/\/EN\" \"http:\/\/www.w3.org\/TR\/REC-html40\/loose.dtd\">\n<html><body><p>T&eacute;cnicos de las comunas de Maip&uacute; y Luj&aacute;n que trabajan en servicios sanitarios, dise&ntilde;o de proyectos y obras municipales y privadas participaron en capacitaciones de c&aacute;lculo de redes<\/p>\n<p>Los asistentes a la capacitaci&oacute;n en &ldquo;Modelos matem&aacute;ticos de redes de agua potable&rdquo; fueron&nbsp;ingenieros, t&eacute;cnicos sanitarios, qu&iacute;micos, inform&aacute;ticos e incluso administrativos de las &aacute;reas municipales&nbsp;de servicios sanitarios o proyectos de obras.<\/p>\n<p>El jefe del &aacute;rea Asuntos T&eacute;cnicos del Ente Provincial de Agua y Saneamiento (EPAS), ingeniero Carlos Moreno, dict&oacute;&nbsp;el taller en el cual se ense&ntilde;a a utilizar el programa de simulaci&oacute;n y c&aacute;lculo de redes hidr&aacute;ulicas Epanet, de libre circulaci&oacute;n.<\/p>\n<p>De esta manera, EPAS cumple con sus funciones de asistencia t&eacute;cnica a los prestadores del servicio p&uacute;blico esencial de agua potable.<\/p>\n<\/body><\/html>\n","protected":false},"excerpt":{"rendered":"Se trata de t\u00e9cnicos de las comunas de Maip\u00fa y Luj\u00e1n que trabajan en servicios sanitarios, dise\u00f1o de proyectos y obras municipales y privadas.","protected":false},"author":2,"featured_media":84351,"comment_status":"open","ping_status":"open","sticky":false,"template":"","format":"standard","meta":[],"categories":[34],"tags":[],"_links":{"self":[{"href":"https:\/\/www.mendoza.gov.ar\/prensa\/wp-json\/wp\/v2\/posts\/84347"}],"collection":[{"href":"https:\/\/www.mendoza.gov.ar\/prensa\/wp-json\/wp\/v2\/posts"}],"about":[{"href":"https:\/\/www.mendoza.gov.ar\/prensa\/wp-json\/wp\/v2\/types\/post"}],"author":[{"embeddable":true,"href":"https:\/\/www.mendoza.gov.ar\/prensa\/wp-json\/wp\/v2\/users\/2"}],"replies":[{"embeddable":true,"href":"https:\/\/www.mendoza.gov.ar\/prensa\/wp-json\/wp\/v2\/comments?post=84347"}],"version-history":[{"count":0,"href":"https:\/\/www.mendoza.gov.ar\/prensa\/wp-json\/wp\/v2\/posts\/84347\/revisions"}],"wp:featuredmedia":[{"embeddable":true,"href":"https:\/\/www.mendoza.gov.ar\/prensa\/wp-json\/wp\/v2\/media\/84351"}],"wp:attachment":[{"href":"https:\/\/www.mendoza.gov.ar\/prensa\/wp-json\/wp\/v2\/media?parent=84347"}],"wp:term":[{"taxonomy":"category","embeddable":true,"href":"https:\/\/www.mendoza.gov.ar\/prensa\/wp-json\/wp\/v2\/categories?post=84347"},{"taxonomy":"post_tag","embeddable":true,"href":"https:\/\/www.mendoza.gov.ar\/prensa\/wp-json\/wp\/v2\/tags?post=84347"}],"curies":[{"name":"wp","href":"https:\/\/api.w.org\/{rel}","templated":true}]}}