{"id":84455,"date":"2017-03-23T21:14:55","date_gmt":"2017-03-24T00:14:55","guid":{"rendered":"http:\/\/prensa.mendoza.gov.ar\/?p=84455"},"modified":"2017-03-23T21:14:55","modified_gmt":"2017-03-24T00:14:55","slug":"corresponsabilidad-gremial-viticola-el-31-de-marzo-cierra-el-plazo-para-adherir-a-la-moratoria-2","status":"publish","type":"post","link":"https:\/\/www.mendoza.gov.ar\/prensa\/corresponsabilidad-gremial-viticola-el-31-de-marzo-cierra-el-plazo-para-adherir-a-la-moratoria-2\/","title":{"rendered":"Corresponsabilidad gremial vit\u00edcola: el 31 de marzo cierra el plazo para adherir a la moratoria"},"content":{"rendered":"<!DOCTYPE html PUBLIC \"-\/\/W3C\/\/DTD HTML 4.0 Transitional\/\/EN\" \"http:\/\/www.w3.org\/TR\/REC-html40\/loose.dtd\">\n<html><body><p>Tras una reuni&oacute;n con agentes del &aacute;rea de Seguridad Social de AFIP, el subsecretario de Agricultura y Ganader&iacute;a Alfredo Aciar confirm&oacute; que a fin de mes vence el plazo para que los productores vit&iacute;colas que tengan deudas por la tarifa sustitutiva del convenio de corresponsabilidad gremial,&nbsp; regularicen su situaci&oacute;n.<\/p>\n<p>&ldquo;La moratoria finaliza el 31 de marzo, sin posibilidad de pr&oacute;rroga porque as&iacute; lo dictamina la Ley 27.260. Por lo tanto, instamos a todos los productores que tengan deudas de los a&ntilde;os 2012-2013-2014 y 2015 a que inicien el tr&aacute;mite a trav&eacute;s de la web de AFIP&rdquo;, detall&oacute; Aciar.<\/p>\n<p>Suscribiendo al sistema y pagando un 5% al contado, autom&aacute;ticamente el productor puede disponer del vino que tiene inmovilizado en la bodega. La financiaci&oacute;n es de hasta 60 cuotas con un inter&eacute;s del 1.5% mensual. En el caso de los productores en emergencia agropecuaria, el plazo se extiende a 90 cuotas con una tasa de inter&eacute;s del 1% mensual, o bien en un solo pago y con una quita del 15%.<\/p>\n<p><strong>Formas de cancelaci&oacute;n<\/strong><\/p>\n<p>Para adherir a la moratoria, los deudores deben ingresar con su CUIT y clave fiscal a la web&nbsp; de AFIP, secci&oacute;n Mis Facilidades, Validaci&oacute;n de Deuda, agregar las obligaciones y seguir los pasos para armar el plan de regulaci&oacute;n.<\/p>\n<p>El productor en mora podr&aacute; cancelar la deuda mediante las siguientes formas:<\/p>\n<p>&ndash;&nbsp;&nbsp;&nbsp;&nbsp;&nbsp;&nbsp;&nbsp;&nbsp;&nbsp; Pago contado con una reducci&oacute;n del 15% de la deuda.<\/p>\n<p>&ndash;&nbsp;&nbsp;&nbsp;&nbsp;&nbsp;&nbsp;&nbsp;&nbsp;&nbsp; Pago a cuenta del 5% de la deuda y el saldo restante hasta en 60 cuotas con un inter&eacute;s mensual del 1,5%.<\/p>\n<p>&ndash;&nbsp;&nbsp;&nbsp;&nbsp;&nbsp;&nbsp;&nbsp;&nbsp;&nbsp; Las medianas empresas y los grandes contribuyentes podr&aacute;n ingresar un pago a cuenta equivalente al 15% de la deuda y el saldo hasta 90 cuotas, con un inter&eacute;s del 1,5%.<\/p>\n<p>&ndash;&nbsp;&nbsp;&nbsp;&nbsp;&nbsp;&nbsp;&nbsp;&nbsp;&nbsp; Para los contribuyentes que al 23 de julio de 2016 se encuentren alcanzados por las declaraciones de emergencia y\/o desastre agropecuario, el plan ser&aacute; de hasta 90 cuotas con un inter&eacute;s del 1% mensual.<\/p>\n<p>El plan admite la cancelaci&oacute;n anticipada.<\/p>\n<\/body><\/html>\n","protected":false},"excerpt":{"rendered":"La Administraci\u00f3n Federal de Ingresos P\u00fablicos (AFIP) comunic\u00f3 que no habr\u00e1 pr\u00f3rroga del sistema. Ratific\u00f3, adem\u00e1s, que la suscripci\u00f3n y el primer desembolso habilitar\u00e1 la liberaci\u00f3n del vino en garant\u00eda.","protected":false},"author":2,"featured_media":84540,"comment_status":"open","ping_status":"open","sticky":false,"template":"","format":"standard","meta":[],"categories":[1],"tags":[],"_links":{"self":[{"href":"https:\/\/www.mendoza.gov.ar\/prensa\/wp-json\/wp\/v2\/posts\/84455"}],"collection":[{"href":"https:\/\/www.mendoza.gov.ar\/prensa\/wp-json\/wp\/v2\/posts"}],"about":[{"href":"https:\/\/www.mendoza.gov.ar\/prensa\/wp-json\/wp\/v2\/types\/post"}],"author":[{"embeddable":true,"href":"https:\/\/www.mendoza.gov.ar\/prensa\/wp-json\/wp\/v2\/users\/2"}],"replies":[{"embeddable":true,"href":"https:\/\/www.mendoza.gov.ar\/prensa\/wp-json\/wp\/v2\/comments?post=84455"}],"version-history":[{"count":0,"href":"https:\/\/www.mendoza.gov.ar\/prensa\/wp-json\/wp\/v2\/posts\/84455\/revisions"}],"wp:featuredmedia":[{"embeddable":true,"href":"https:\/\/www.mendoza.gov.ar\/prensa\/wp-json\/wp\/v2\/media\/84540"}],"wp:attachment":[{"href":"https:\/\/www.mendoza.gov.ar\/prensa\/wp-json\/wp\/v2\/media?parent=84455"}],"wp:term":[{"taxonomy":"category","embeddable":true,"href":"https:\/\/www.mendoza.gov.ar\/prensa\/wp-json\/wp\/v2\/categories?post=84455"},{"taxonomy":"post_tag","embeddable":true,"href":"https:\/\/www.mendoza.gov.ar\/prensa\/wp-json\/wp\/v2\/tags?post=84455"}],"curies":[{"name":"wp","href":"https:\/\/api.w.org\/{rel}","templated":true}]}}