{"id":84471,"date":"2017-03-26T10:30:29","date_gmt":"2017-03-26T13:30:29","guid":{"rendered":"http:\/\/prensa.mendoza.gov.ar\/?p=84471"},"modified":"2017-03-26T10:30:29","modified_gmt":"2017-03-26T13:30:29","slug":"el-operativo-para-combatir-la-lobesia-botrana-continuo-en-el-oasis-sur","status":"publish","type":"post","link":"https:\/\/www.mendoza.gov.ar\/prensa\/el-operativo-para-combatir-la-lobesia-botrana-continuo-en-el-oasis-sur\/","title":{"rendered":"El operativo para combatir la Lobesia botrana continu\u00f3 en el oasis Sur"},"content":{"rendered":"<!DOCTYPE html PUBLIC \"-\/\/W3C\/\/DTD HTML 4.0 Transitional\/\/EN\" \"http:\/\/www.w3.org\/TR\/REC-html40\/loose.dtd\">\n<html><body><p>Entre las acciones para el control de la plaga Lobesia botrana o polilla de la vid, autoridades y t&eacute;cnicos de Instituto de Sanidad y Calidad Agroalimentaria de Mendoza (Iscamen) mantuvieron una reuni&oacute;n de trabajo con entidades del sector productivo de los departamentos de San Rafael y General Alvear. Participaron adem&aacute;s representantes de los Municipios de San Rafael y Alvear,&nbsp;el&nbsp;Servicio Nacional de Sanidad y Calidad Agroalimentaria (Senasa), la Facultad de Ciencias Agrarias, el Departamento General de Irrigaci&oacute;n, centros de desarrollo vit&iacute;cola y la Secretar&iacute;a de Agricultura Familiar.<\/p>\n<p>El presidente del organismo fitosanitario, Alejandro Molero, agradeci&oacute; la presencia de las diferentes entidades y organismos vinculados al sector productivo, destacando que &ldquo;el objeto de esta mesa de trabajo es llegar con acciones concretas en territorio, adem&aacute;s plantear la posibilidad de un trabajo conjunto y un mayor protagonismo para acercar la ayuda de la Naci&oacute;n a todo el territorio provincial&rdquo;.<\/p>\n<p>El funcionario remarc&oacute; la necesidad de articular entre los sectores p&uacute;blico y privado para potenciar de esta forma la capacidad operativa del programa de control de polilla de la vid que se desarrolla en la provincia.<\/p>\n<p>Para el control de la plaga, el Ministerio de Agroindustria de la Naci&oacute;n dispuso $400 millones para la temporada entrante. En este sentido, el Iscamen comenz&oacute; a dise&ntilde;ar un plan para el control integral de la plaga. &ldquo;Llegamos esta temporada con las herramientas que creemos necesarias, como tambi&eacute;n con los recursos para atender las hect&aacute;reas afectas. Vamos a hacer uso de todas las herramientas disponibles para reducir la presi&oacute;n de la plaga&rdquo;, destac&oacute; Molero.<\/p>\n<p>Asimismo, puso de relieve la corresponsabilidad de todos los involucrados para el &eacute;xito del programa, &ldquo;ya que es imprescindible el involucramiento de todos para atender un desaf&iacute;o fitosanitario de grandes dimensiones. &ldquo;La capacidad operativa del Iscamen necesita de un mayor compromiso del sector productivo&rdquo;.<\/p>\n<\/body><\/html>\n","protected":false},"excerpt":{"rendered":"El Iscamen conform\u00f3 una mesa de trabajo con el sector vit\u00edcola sure\u00f1o para organizar la distribuci\u00f3n de difusores de feromonas. Es el primer a\u00f1o que se intervendr\u00e1 sobre 160 mil hect\u00e1reas.","protected":false},"author":2,"featured_media":84472,"comment_status":"open","ping_status":"open","sticky":false,"template":"","format":"standard","meta":[],"categories":[1],"tags":[],"_links":{"self":[{"href":"https:\/\/www.mendoza.gov.ar\/prensa\/wp-json\/wp\/v2\/posts\/84471"}],"collection":[{"href":"https:\/\/www.mendoza.gov.ar\/prensa\/wp-json\/wp\/v2\/posts"}],"about":[{"href":"https:\/\/www.mendoza.gov.ar\/prensa\/wp-json\/wp\/v2\/types\/post"}],"author":[{"embeddable":true,"href":"https:\/\/www.mendoza.gov.ar\/prensa\/wp-json\/wp\/v2\/users\/2"}],"replies":[{"embeddable":true,"href":"https:\/\/www.mendoza.gov.ar\/prensa\/wp-json\/wp\/v2\/comments?post=84471"}],"version-history":[{"count":0,"href":"https:\/\/www.mendoza.gov.ar\/prensa\/wp-json\/wp\/v2\/posts\/84471\/revisions"}],"wp:featuredmedia":[{"embeddable":true,"href":"https:\/\/www.mendoza.gov.ar\/prensa\/wp-json\/wp\/v2\/media\/84472"}],"wp:attachment":[{"href":"https:\/\/www.mendoza.gov.ar\/prensa\/wp-json\/wp\/v2\/media?parent=84471"}],"wp:term":[{"taxonomy":"category","embeddable":true,"href":"https:\/\/www.mendoza.gov.ar\/prensa\/wp-json\/wp\/v2\/categories?post=84471"},{"taxonomy":"post_tag","embeddable":true,"href":"https:\/\/www.mendoza.gov.ar\/prensa\/wp-json\/wp\/v2\/tags?post=84471"}],"curies":[{"name":"wp","href":"https:\/\/api.w.org\/{rel}","templated":true}]}}