{"id":84500,"date":"2017-03-26T11:00:44","date_gmt":"2017-03-26T14:00:44","guid":{"rendered":"http:\/\/prensa.mendoza.gov.ar\/?p=84500"},"modified":"2017-03-26T11:00:44","modified_gmt":"2017-03-26T14:00:44","slug":"desvios-de-transporte-en-guaymallen-y-ciudad-por-obras-en-calles-y-avenidas","status":"publish","type":"post","link":"https:\/\/www.mendoza.gov.ar\/prensa\/desvios-de-transporte-en-guaymallen-y-ciudad-por-obras-en-calles-y-avenidas\/","title":{"rendered":"Desv\u00edos de transporte en Guaymall\u00e9n y Ciudad por obras en calles y avenidas"},"content":{"rendered":"<!DOCTYPE html PUBLIC \"-\/\/W3C\/\/DTD HTML 4.0 Transitional\/\/EN\" \"http:\/\/www.w3.org\/TR\/REC-html40\/loose.dtd\">\n<html><body><p>Por tareas de reparaci&oacute;n y repavimentaci&oacute;n de calles que desarrolla la Municipalidad de Guaymall&eacute;n, habr&aacute; desv&iacute;os en el transporte p&uacute;blico de pasajeros.<\/p>\n<p>Las modificaciones se efectuar&aacute;n en recorridos por el carril Godoy Cruz y en los distritos de Belgrano, Buena Nueva, Villa Nueva y Nueva Ciudad. A continuaci&oacute;n se detallan las modificaciones temporales en las trazas de los servicios.<\/p>\n<p>En los distritos mencionados, los cambios temporales afectan a los servicios del Grupo 9 l&iacute;neas 162 y 163, que en su traza de Centro a zona tomar&aacute;n por Acceso Este, Rondeau, Cochabamba, Urquiza y retorno a recorrido normal. En direcci&oacute;n a zona Centro ir&aacute;n por Urquiza, Cochabamba, Rondeau, Arenales, Avenida &nbsp;Acceso Este y retoman su traza habitual.<\/p>\n<p>Respecto de&nbsp;las modificaciones en el carril Godoy Cruz, es importante tener en cuenta que esta obra es complementaria de los trabajos que se realizan actualmente en la calle Saavedra. Se prev&eacute; que las tareas en el carril Godoy Cruz comenzar&aacute;n en abril y se extender&aacute;n hasta junio.<\/p>\n<p>-Grupo 2 l&iacute;neas A y B.<\/p>\n<p>-Grupo 10 l&iacute;neas 171 y 172.<\/p>\n<p>Por Costanera, carril Godoy Cruz, Necochea, Patricias Mendocinas, Mitre, carril Godoy Cruz, a su recorrido.<\/p>\n<p>-Grupo 5 l&iacute;neas 71 y 72.<\/p>\n<p>-Trole Villanueva.<\/p>\n<p>Desviar&aacute;n por Lavalle, Carril Godoy Cruz, Necochea, Patricias Mendocinas, Mitre, carril Godoy Cruz, y volver&aacute; al recorrido normal.<\/p>\n<p>Las paradas establecidas durante el desv&iacute;o se encuentran en Patricias Mendocinas y Las Heras de Guaymall&eacute;n.<\/p>\n<p>&nbsp;<\/p>\n<p><strong>Desv&iacute;os programados por obras en la Ciudad<\/strong><\/p>\n<p>Desde el 3 de abril se realizar&aacute;n modificaciones en los recorridos que circulan por calle Espa&ntilde;a entre Guti&eacute;rrez y Necochea.<\/p>\n<p>-Trole Parque y Trole Pellegrini.<\/p>\n<p>-Avenida Espa&ntilde;a, Espejo, Chile, Gral. Paz, Avenida Espa&ntilde;a, a su recorrido.<\/p>\n<p>Durante los desv&iacute;os quedar&aacute; inutilizada la parada de Espa&ntilde;a y Espejo. Sin embargo, se establecen las siguientes paradas:<\/p>\n<p>-Espejo y Mitre (Frente al N&ordm; 363).<\/p>\n<p>-Chile y Guti&eacute;rrez (actual parada de Grupos 3, 5, 6, 7, 8 y 9).<\/p>\n<p>-Chile entre Necochea y Las Heras (actual parada de Grupos 3, 5, 6, 8 y 9)<\/p>\n<p>-General Paz y Mitre.<\/p>\n<p>-Avenida Espa&ntilde;a y Godoy Cruz (actual parada del Grupo 3).<\/p>\n<p>&nbsp;<\/p>\n<p><strong>&nbsp;Todos los desv&iacute;os vigentes en el &aacute;rea metropolitana<\/strong><\/p>\n<p>Guaymall&eacute;n (obras en calle Saavedra).<\/p>\n<p><a href=\"https:\/\/www.mendoza.gov.ar\/prensa\/wp-content\/uploads\/sites\/23\/DESVIO-GUAYMALL%C3%89N-VIGENTE-01.png\"><img loading=\"lazy\" class=\"alignnone wp-image-84501 img-responsive center-block\" src=\"https:\/\/www.mendoza.gov.ar\/prensa\/wp-content\/uploads\/sites\/23\/DESVIO-GUAYMALL%C3%89N-VIGENTE-01.png\" alt=\"\" width=\"650\" height=\"325\"><\/a><\/p>\n<p>-Grupo 2: L&iacute;neas A<\/p>\n<p>-Grupo 5: L&iacute;nea 51.<\/p>\n<p>-Grupo 7: L&iacute;nea 92.<\/p>\n<p>-Grupo 6: L&iacute;nea 69.<\/p>\n<p>-Grupo 3: L&iacute;nea 112.<\/p>\n<p>-Av. Costanera, Godoy Cruz, Necochea, Saavedra, a su recorrido.<\/p>\n<p>-Grupo 4: L&iacute;nea 88.<\/p>\n<p>-Pellegrini, Godoy Cruz, Necochea, Saavedra, a su recorrido.<\/p>\n<p>En todos los casos se utilizan las paradas del Carril Godoy Cruz pertenecientes al Grupo 2.<\/p>\n<p>&nbsp;<\/p>\n<p>Ciudad (obra calle Ar&iacute;stides Villanueva).<\/p>\n<p><a href=\"https:\/\/www.mendoza.gov.ar\/prensa\/wp-content\/uploads\/sites\/23\/DESVIO-ciudad-vigente-01.png\"><img loading=\"lazy\" class=\"alignnone wp-image-84502 img-responsive center-block\" src=\"https:\/\/www.mendoza.gov.ar\/prensa\/wp-content\/uploads\/sites\/23\/DESVIO-ciudad-vigente-01.png\" alt=\"\" width=\"650\" height=\"325\"><\/a><\/p>\n<p>-Grupo 5: L&iacute;neas 72 y 74, Trole Parque.<\/p>\n<p>-Col&oacute;n, Per&uacute;, Montevideo, Mart&iacute;n Zapata, Boulogne Sur Mer, a su recorrido.<\/p>\n<p>Temporalmente se establecen las siguientes paradas: Montevideo y Belgrano; Mart&iacute;n Zapata y Olascoaga; Mart&iacute;n Zapata y Boulogne Sur Mer.<\/p>\n<p>-Grupo 5: L&iacute;nea 51.<\/p>\n<p>-Grupo 750 &ndash; UNCuyo.<\/p>\n<p>-Grupo 700 &ndash;&nbsp;UNCuyo.<\/p>\n<p>-Col&oacute;n, Per&uacute;, Montevideo, Mart&iacute;n Zapata, Paso de los Andes a su recorrido.<\/p>\n<p>Paradas alternativas: Montevideo y Belgrano; Mart&iacute;n Zapata y Olascoaga; Mart&iacute;n Zapata y Paso de los Andes.<\/p>\n<p>&nbsp;<\/p>\n<p>Ciudad (obra reconstrucci&oacute;n de calle 25 de Mayo entre Montevideo y Col&oacute;n y calle San Lorenzo entre Per&uacute; y Chile).<\/p>\n<p><a href=\"https:\/\/www.mendoza.gov.ar\/prensa\/wp-content\/uploads\/sites\/23\/DESVIO-ciudad-VIGENTE-2-01.png\"><img loading=\"lazy\" class=\"alignnone wp-image-84504 img-responsive center-block\" src=\"https:\/\/www.mendoza.gov.ar\/prensa\/wp-content\/uploads\/sites\/23\/DESVIO-ciudad-VIGENTE-2-01.png\" alt=\"\" width=\"650\" height=\"325\"><\/a><\/p>\n<p>-Grupo 3: L&iacute;neas 31 y 32.<\/p>\n<p>-Grupo 6: L&iacute;neas 62 y 63.<\/p>\n<p>-Grupo 1: L&iacute;nea 16 UNCuyo.<\/p>\n<p>-Rufino Ortega, Belgrano, Sobremonte, Pedro Molina, a su recorrido.<\/p>\n<p>-Grupo 1: L&iacute;neas 11, 12, 15 y 16.<\/p>\n<p>-Grupo 2: L&iacute;neas A-22 y B-22.<\/p>\n<p>-25 de Mayo, Rivadavia, Patricias Mendocinas, Col&oacute;n, 25 de Mayo, a su recorrido.<\/p>\n<p>-Grupo 6: L&iacute;neas 64 y 66.<\/p>\n<p>-Montevideo, Patricias Mendocinas, Colon, 25 de Mayo, a su recorrido.<\/p>\n<p>-Grupo 7: L&iacute;nea 92.<\/p>\n<p>-Grupo 6: L&iacute;nea 133.<\/p>\n<p>-Espejo, Belgrano, Sobremonte, Pedro Molina, a su recorrido.<\/p>\n<p>-Grupo 5: L&iacute;nea 51.<\/p>\n<p>-Rufino Ortega, Belgrano, Rivadavia, Patricias Mendocinas, San Lorenzo a su recorrido.<\/p>\n<p>En este caso no ser&aacute; necesario establecer paradas alternativas.<\/p>\n<p>&nbsp;<\/p>\n<p>Maip&uacute; (obras calle Pescara entre Mitre y Sarmiento).<\/p>\n<p><a href=\"https:\/\/www.mendoza.gov.ar\/prensa\/wp-content\/uploads\/sites\/23\/DESVIO-maipu-a-implementar-01.png\"><img loading=\"lazy\" class=\"alignnone wp-image-84505 img-responsive center-block\" src=\"https:\/\/www.mendoza.gov.ar\/prensa\/wp-content\/uploads\/sites\/23\/DESVIO-maipu-a-implementar-01.png\" alt=\"\" width=\"650\" height=\"325\"><\/a><\/p>\n<p>Las modificaciones ser&aacute;n por 120 d&iacute;as aproximadamente (implementadas desde el 23 de marzo) o hasta la finalizaci&oacute;n de la obra.<\/p>\n<p>-Grupo 9 L&iacute;nea 162.<\/p>\n<p>-Centro a Zona: Mitre, Godoy Cruz, Tropero Sosa, a su recorrido.<\/p>\n<p>-Grupo 9 L&iacute;neas 151, 153, 155 y 162.<\/p>\n<p>-Grupo 10 L&iacute;neas 171, 172, 173, 174, 181, 182 y 183.<\/p>\n<p>-Zona a Centro: Per&oacute;n, P. Argentina, Mitre, Padre V&aacute;zquez, a su recorrido.<\/p>\n<p>-Grupo 9 L&iacute;neas 151, 152, 153 y 155.<\/p>\n<p>-Grupo 10 L&iacute;neas 171, 172, 173, 181, 182, 183, 184, 185, Servicio Diferencial.<\/p>\n<p>-Centro a Zona: Tropero Sosa, Patricias, San Mart&iacute;n, a su recorrido.<\/p>\n<p>-Grupo 10 L&iacute;neas 175, 181, 183 y Servicio Diferencial.<\/p>\n<p>-Centro a Zona: Corrientes, Godoy Cruz, Mitre, Padre V&aacute;zquez, a su recorrido.<\/p>\n<p>-Grupo 1 L&iacute;nea 17.<\/p>\n<p>-Centro a Zona: Ozamis, Tropero Sosa, P. Argentina, San Mart&iacute;n a su recorrido.<\/p>\n<p>-Zona a Centro: Per&oacute;n, P. Argentina, Mitre, Ozamis, 60 Granaderos, a su recorrido.<\/p>\n<p>-Grupo 10 L&iacute;nea 175 y 182 (Videla Castillo).<\/p>\n<p>-Zona a Centro: Sarmiento, Godoy Cruz, Mitre, Ozamis, a su recorrido.<\/p>\n<\/body><\/html>\n","protected":false},"excerpt":{"rendered":"Se realizar\u00e1n trabajos en el carril Godoy Cruz y en los distritos Belgrano, Buena Nueva, Villa Nueva y Nueva Ciudad. En la Capital, desde el 3 de abril se efectuar\u00e1n modificaciones en los recorridos de calle Espa\u00f1a entre Guti\u00e9rrez y Necochea.  ","protected":false},"author":2,"featured_media":84509,"comment_status":"open","ping_status":"open","sticky":false,"template":"","format":"standard","meta":[],"categories":[34],"tags":[],"_links":{"self":[{"href":"https:\/\/www.mendoza.gov.ar\/prensa\/wp-json\/wp\/v2\/posts\/84500"}],"collection":[{"href":"https:\/\/www.mendoza.gov.ar\/prensa\/wp-json\/wp\/v2\/posts"}],"about":[{"href":"https:\/\/www.mendoza.gov.ar\/prensa\/wp-json\/wp\/v2\/types\/post"}],"author":[{"embeddable":true,"href":"https:\/\/www.mendoza.gov.ar\/prensa\/wp-json\/wp\/v2\/users\/2"}],"replies":[{"embeddable":true,"href":"https:\/\/www.mendoza.gov.ar\/prensa\/wp-json\/wp\/v2\/comments?post=84500"}],"version-history":[{"count":0,"href":"https:\/\/www.mendoza.gov.ar\/prensa\/wp-json\/wp\/v2\/posts\/84500\/revisions"}],"wp:featuredmedia":[{"embeddable":true,"href":"https:\/\/www.mendoza.gov.ar\/prensa\/wp-json\/wp\/v2\/media\/84509"}],"wp:attachment":[{"href":"https:\/\/www.mendoza.gov.ar\/prensa\/wp-json\/wp\/v2\/media?parent=84500"}],"wp:term":[{"taxonomy":"category","embeddable":true,"href":"https:\/\/www.mendoza.gov.ar\/prensa\/wp-json\/wp\/v2\/categories?post=84500"},{"taxonomy":"post_tag","embeddable":true,"href":"https:\/\/www.mendoza.gov.ar\/prensa\/wp-json\/wp\/v2\/tags?post=84500"}],"curies":[{"name":"wp","href":"https:\/\/api.w.org\/{rel}","templated":true}]}}