{"id":84605,"date":"2017-03-25T10:36:34","date_gmt":"2017-03-25T13:36:34","guid":{"rendered":"http:\/\/prensa.mendoza.gov.ar\/?p=84605"},"modified":"2017-03-25T10:36:34","modified_gmt":"2017-03-25T13:36:34","slug":"fin-de-semana-largo-recomendaciones-para-un-viaje-seguro-2","status":"publish","type":"post","link":"https:\/\/www.mendoza.gov.ar\/prensa\/fin-de-semana-largo-recomendaciones-para-un-viaje-seguro-2\/","title":{"rendered":"Fin de semana largo: recomendaciones para un viaje seguro"},"content":{"rendered":"<!DOCTYPE html PUBLIC \"-\/\/W3C\/\/DTD HTML 4.0 Transitional\/\/EN\" \"http:\/\/www.w3.org\/TR\/REC-html40\/loose.dtd\">\n<html><body><p>Este fin de semana muchos aprovechar&aacute;n para descansar o pasear por lo que las rutas estar&aacute;n colmadas de veh&iacute;culos.<\/p>\n<p>La Unidad Ejecutiva de Seguridad Vial, que depende de la Secretar&iacute;a de Servicios P&uacute;blicos de la Provincia, brinda algunos consejos a aquellas personas que tienen pensado salir de viaje, con el objetivo de promover una conciencia vial que permita evitar futuros accidentes.<\/p>\n<p><a href=\"https:\/\/www.mendoza.gov.ar\/prensa\/wp-content\/uploads\/sites\/23\/1200-x-680-px-041.jpg\"><img loading=\"lazy\" class=\"alignnone wp-image-84607 img-responsive center-block\" src=\"https:\/\/www.mendoza.gov.ar\/prensa\/wp-content\/uploads\/sites\/23\/1200-x-680-px-041.jpg\" alt=\"\" width=\"650\" height=\"368\"><\/a><\/p>\n<p><strong>Antes de salir<\/strong><\/p>\n<p>* Poner el auto en condiciones (revisar fluidos, neum&aacute;ticos, motor, frenos, luces).<\/p>\n<p>* Planear las rutas con anticipaci&oacute;n. Seleccionar recorridos seguros desde el punto de vista de la infraestructura vial.<\/p>\n<p>* Descansar previamente al viaje para evitar la fatiga. Lo aconsejable es dormir al menos 8 horas.<\/p>\n<p>*Evitar viajar de noche, ya que la visibilidad disminuye notablemente.<\/p>\n<p>* En el ba&uacute;l, los objetos m&aacute;s pesados colocarlos cerca del respaldo del asiento trasero y del piso, para no alterar el centro de gravedad. En lo posible, no llevar equipaje en el techo.<\/p>\n<p>* No transportar objetos sueltos.<\/p>\n<p><strong>En viaje<\/strong><\/p>\n<p>* Todos los integrantes del veh&iacute;culo deben llevar puestos su cintur&oacute;n de seguridad.<\/p>\n<p>* Los ni&ntilde;os deben viajar siempre atr&aacute;s y con las sillitas correspondientes, teniendo en cuenta que, hasta los 9 kilos, la silla es del tipo cuna o huevito y se ubica en sentido de contramarcha. De 9 a 15 kilos es aconsejable llevar una sillita de seguridad en el sentido de la marcha. En el caso de superar los 15 kilos, se recomienda utilizar una silla amoldadora que ajuste las medidas del ni&ntilde;o a las de un adulto com&uacute;n, con el fin de que pueda usar los cinturones del propio veh&iacute;culo.<\/p>\n<p>* Respetar las velocidades m&aacute;ximas indicadas en la ruta.<\/p>\n<p>* Conducir como m&aacute;ximo 8 horas, incluyendo las paradas que deben ser de al menos 15 minutos, cada 2 horas o 200 kil&oacute;metros recorridos.<\/p>\n<p>* No programar una hora de llegada.<\/p>\n<p>* Usar ropa holgada y c&oacute;moda. En cuanto al calzado, tambi&eacute;n debe ser confortable.<\/p>\n<p>* En caso de transportar ni&ntilde;os, llevar juegos para entretenerlos y as&iacute; lograr que no distraigan al conductor.<\/p>\n<p>* Una vez en el camino, en caso de tener alg&uacute;n desperfecto, parar lo m&aacute;s lejano a la ruta posible (si es factible, en lugares destinados para detenerse) y colocar las balizas a 75 metros del veh&iacute;culo en cada sentido de la ruta. Si es una autov&iacute;a, colocar la primera a 75 metros del veh&iacute;culo y la segunda baliza a 150 metros.<\/p>\n<p>* En zonas monta&ntilde;osas y de bajas temperaturas, particularmente en las primeras horas de la ma&ntilde;ana, se debe prestar especial atenci&oacute;n a las sombras que se reflejan sobre el pavimento dado que suelen formarse capas de hielo o escarcha.<\/p>\n<p>Tambi&eacute;n es importante que el conductor maneje con paciencia, evitando las curvas a alta velocidad. En caso de tener un cami&oacute;n enfrente, se aconseja no confiarse en las se&ntilde;ales que &eacute;ste pueda realizar, sino que la persona haga estas verificaciones.<\/p>\n<p>Internacionalmente el giro a la derecha significa que va hacer una maniobra en ese sentido y el giro a la izquierda, puesto de forma breve, indicar&iacute;a que el conductor del cami&oacute;n no percibe veh&iacute;culos que circulan de frente.<\/p>\n<p>Que cada uno de los actores involucrados en el espacio p&uacute;blico respete y cumpla las se&ntilde;ales b&aacute;sicas, colabora para una movilidad segura dentro y fuera de la provincia.<\/p>\n<\/body><\/html>\n","protected":false},"excerpt":{"rendered":"Utilizar siempre el cintur\u00f3n de seguridad, realizar una revisi\u00f3n integral del veh\u00edculo, estar informado del estado de los caminos, son algunos consejos para tener en cuenta.","protected":false},"author":2,"featured_media":84606,"comment_status":"open","ping_status":"open","sticky":false,"template":"","format":"standard","meta":[],"categories":[34],"tags":[],"_links":{"self":[{"href":"https:\/\/www.mendoza.gov.ar\/prensa\/wp-json\/wp\/v2\/posts\/84605"}],"collection":[{"href":"https:\/\/www.mendoza.gov.ar\/prensa\/wp-json\/wp\/v2\/posts"}],"about":[{"href":"https:\/\/www.mendoza.gov.ar\/prensa\/wp-json\/wp\/v2\/types\/post"}],"author":[{"embeddable":true,"href":"https:\/\/www.mendoza.gov.ar\/prensa\/wp-json\/wp\/v2\/users\/2"}],"replies":[{"embeddable":true,"href":"https:\/\/www.mendoza.gov.ar\/prensa\/wp-json\/wp\/v2\/comments?post=84605"}],"version-history":[{"count":0,"href":"https:\/\/www.mendoza.gov.ar\/prensa\/wp-json\/wp\/v2\/posts\/84605\/revisions"}],"wp:featuredmedia":[{"embeddable":true,"href":"https:\/\/www.mendoza.gov.ar\/prensa\/wp-json\/wp\/v2\/media\/84606"}],"wp:attachment":[{"href":"https:\/\/www.mendoza.gov.ar\/prensa\/wp-json\/wp\/v2\/media?parent=84605"}],"wp:term":[{"taxonomy":"category","embeddable":true,"href":"https:\/\/www.mendoza.gov.ar\/prensa\/wp-json\/wp\/v2\/categories?post=84605"},{"taxonomy":"post_tag","embeddable":true,"href":"https:\/\/www.mendoza.gov.ar\/prensa\/wp-json\/wp\/v2\/tags?post=84605"}],"curies":[{"name":"wp","href":"https:\/\/api.w.org\/{rel}","templated":true}]}}