{"id":84609,"date":"2017-03-25T12:35:08","date_gmt":"2017-03-25T15:35:08","guid":{"rendered":"http:\/\/prensa.mendoza.gov.ar\/?p=84609"},"modified":"2017-03-25T12:35:08","modified_gmt":"2017-03-25T15:35:08","slug":"el-trabajo-de-la-lucha-antigranizo-se-extendio-a-los-cuatro-oasis","status":"publish","type":"post","link":"https:\/\/www.mendoza.gov.ar\/prensa\/el-trabajo-de-la-lucha-antigranizo-se-extendio-a-los-cuatro-oasis\/","title":{"rendered":"El trabajo de la Lucha Antigranizo se extendi\u00f3 a los cuatro oasis"},"content":{"rendered":"<!DOCTYPE html PUBLIC \"-\/\/W3C\/\/DTD HTML 4.0 Transitional\/\/EN\" \"http:\/\/www.w3.org\/TR\/REC-html40\/loose.dtd\">\n<html><body><p>El Sistema Integral de Lucha Antigranizo afront&oacute; una jornada en la que se registraron tormentas a lo largo y ancho de la provincia. Los aviones trabajaron en los oasis Norte, Este y Sur por m&aacute;s de nueve horas y tambi&eacute;n se oper&oacute; con la red de generadores de superficie ubicada en el Valle de Uco.<\/p>\n<p>Si bien hubo precipitaciones&nbsp; moderadas a intensas en los cuatro oasis, el granizo solo afect&oacute; &aacute;reas sin cultivar. Las observaciones de radar se&ntilde;alan que en el Sur se registraron lluvias fuertes en Malarg&uuml;e (Yancanelo) y General Alvear (Cochic&oacute;). Tambi&eacute;n hubo precipitaci&oacute;n de granizo el secano de San Rafael (Agua del Toro, Cerro Diamante, Nihuil, Valle Grande, Cerro Nevado) y General Alvear (Cochic&oacute;).<\/p>\n<p>En el Valle de Uco, se detectaron lluvias intensas en Tupungato (El Per&aacute;l, Centro,&nbsp; San Jos&eacute;, Cord&oacute;n del Plata) y San Carlos (La Consulta), y granizo en superficies sin cultivar de Tunuy&aacute;n (este de Manzano Hist&oacute;rico) y Tupungato (Estancia Bombal, La Carrera).<\/p>\n<p>Tambi&eacute;n se observaron lluvias moderadas en Rivadavia (La Libertad, Los Campamentos) y&nbsp; San Mart&iacute;n (Nueva California, El Divisadero).&nbsp; En el Norte, lluvias Las Heras (El Pastal, El Borboll&oacute;n), Lavalle (norte de Villa Tulumaya, Tres de Mayo, El Chilcal, El Vergel, Paramillos, Costa de Araujo, Gustavo Andr&eacute;) y granizo en zona de campo del norte de Lavalle.<\/p>\n<p>El pron&oacute;stico de la Direcci&oacute;n de Agricultura y Contingencias Clim&aacute;ticas se&ntilde;ala para este s&aacute;bado 25 de marzo: nubosidad convectiva a partir de la tarde. Tormentas de intensidad moderadas a severas principalmente en oasis Centro y Sur,&nbsp; (15 a 03 horas).<\/p>\n<\/body><\/html>\n","protected":false},"excerpt":{"rendered":"El viernes se observaron precipitaciones en todo el territorio provincial pero el granizo afect\u00f3 s\u00f3lo a las \u00e1reas sin cultivar.","protected":false},"author":2,"featured_media":84610,"comment_status":"open","ping_status":"open","sticky":false,"template":"","format":"standard","meta":[],"categories":[1],"tags":[],"_links":{"self":[{"href":"https:\/\/www.mendoza.gov.ar\/prensa\/wp-json\/wp\/v2\/posts\/84609"}],"collection":[{"href":"https:\/\/www.mendoza.gov.ar\/prensa\/wp-json\/wp\/v2\/posts"}],"about":[{"href":"https:\/\/www.mendoza.gov.ar\/prensa\/wp-json\/wp\/v2\/types\/post"}],"author":[{"embeddable":true,"href":"https:\/\/www.mendoza.gov.ar\/prensa\/wp-json\/wp\/v2\/users\/2"}],"replies":[{"embeddable":true,"href":"https:\/\/www.mendoza.gov.ar\/prensa\/wp-json\/wp\/v2\/comments?post=84609"}],"version-history":[{"count":0,"href":"https:\/\/www.mendoza.gov.ar\/prensa\/wp-json\/wp\/v2\/posts\/84609\/revisions"}],"wp:featuredmedia":[{"embeddable":true,"href":"https:\/\/www.mendoza.gov.ar\/prensa\/wp-json\/wp\/v2\/media\/84610"}],"wp:attachment":[{"href":"https:\/\/www.mendoza.gov.ar\/prensa\/wp-json\/wp\/v2\/media?parent=84609"}],"wp:term":[{"taxonomy":"category","embeddable":true,"href":"https:\/\/www.mendoza.gov.ar\/prensa\/wp-json\/wp\/v2\/categories?post=84609"},{"taxonomy":"post_tag","embeddable":true,"href":"https:\/\/www.mendoza.gov.ar\/prensa\/wp-json\/wp\/v2\/tags?post=84609"}],"curies":[{"name":"wp","href":"https:\/\/api.w.org\/{rel}","templated":true}]}}