{"id":84629,"date":"2017-03-26T11:29:07","date_gmt":"2017-03-26T14:29:07","guid":{"rendered":"http:\/\/prensa.mendoza.gov.ar\/?p=84629"},"modified":"2017-03-26T11:29:07","modified_gmt":"2017-03-26T14:29:07","slug":"lucha-antigranizo-las-aeronaves-trabajaron-por-mas-de-12-horas","status":"publish","type":"post","link":"https:\/\/www.mendoza.gov.ar\/prensa\/lucha-antigranizo-las-aeronaves-trabajaron-por-mas-de-12-horas\/","title":{"rendered":"Lucha Antigranizo: las aeronaves trabajaron m\u00e1s de 12 horas"},"content":{"rendered":"<!DOCTYPE html PUBLIC \"-\/\/W3C\/\/DTD HTML 4.0 Transitional\/\/EN\" \"http:\/\/www.w3.org\/TR\/REC-html40\/loose.dtd\">\n<html><body><p>El Sistema Integral de Lucha Antigranizo enfrent&oacute; una jornada dif&iacute;cil, por la gran cantidad de celdas graniceras que se presentaron en el Norte, Este y Sur de la provincia. Desde las 9 hasta las 20.30, los tres aviones realizaron vuelos de siembra en los tres oasis.<\/p>\n<p>Seg&uacute;n las precisiones del sistema de radares, las tormentas derivaron en lluvias intensas y graniz&oacute; en algunos parajes del Sur y del Este.<\/p>\n<p>En la zona cultivada del oasis Sur, se observ&oacute; lluvia intensa en San Rafael (Villa 25 de Mayo-Cuadro Nacional, Villa Atuel, Jaime Prats, Real del Padre), General&nbsp; Alvear (Los Compartos y La Escandinava). Adem&aacute;s, precipit&oacute; granizo en algunos distritos de San Rafael (Cuadro Benegas,&nbsp; Rama Ca&iacute;da, Ciudad y&nbsp; Las Paredes).<\/p>\n<p>En el Este se registr&oacute; lluvia intensa en Rivadavia (El Mirador, Los Campamentos, La Central), Jun&iacute;n (Phillips), San Mart&iacute;n (Colonia Montecaseros), Santa Rosa (El Marcado, 12 de Octubre, Villa, Las Catitas y La Dormida. Al mismo tiempo, &nbsp;se observ&oacute; granizo en cultivos de&nbsp; La Paz (centro y este de La Paz), Rivadavia (El Mirador, La Central), Santa Rosa (Las Catitas).<\/p>\n<p>En el oasis Norte se detect&oacute; lluvia intensa en &aacute;reas cultivadas de Luj&aacute;n de Cuyo (Ugarteche, El Carrizal) y granizo en el campo de Lavalle.<\/p>\n<p>El Valle de Uco, seg&uacute;n precisa el informe, s&oacute;lo fue afectado por lluvias moderadas que afectaron superficie cultivada de Tupungato (El Peral, Centro,&nbsp; Zapata), San Carlos (Pareditas, La Consulta, Altamira). Adem&aacute;s, se registr&oacute; lluvia en el campo: Tunuy&aacute;n (oeste de Agua Amarga), Tupungato (oeste de Tupungato) y San Carlos (este y centro de San Carlos, oeste, este y sur de Pareditas).<\/p>\n<p>Para este domingo, el pron&oacute;stico de la Direcci&oacute;n de Agricultura y Contingencias Clim&aacute;ticas se&ntilde;ala nubosidad convectiva. Tormentas de intensidad moderada a severas principalmente en oasis Centro y Sur,&nbsp; entre las 16 y las &nbsp;24.<\/p>\n<\/body><\/html>\n","protected":false},"excerpt":{"rendered":"En otra intensa jornada, el sistema oper\u00f3 en el Norte, Este y Sur. Precipit\u00f3 granizo en algunos parajes. Contin\u00faa la inestabilidad.","protected":false},"author":2,"featured_media":84630,"comment_status":"open","ping_status":"open","sticky":false,"template":"","format":"standard","meta":[],"categories":[1],"tags":[],"_links":{"self":[{"href":"https:\/\/www.mendoza.gov.ar\/prensa\/wp-json\/wp\/v2\/posts\/84629"}],"collection":[{"href":"https:\/\/www.mendoza.gov.ar\/prensa\/wp-json\/wp\/v2\/posts"}],"about":[{"href":"https:\/\/www.mendoza.gov.ar\/prensa\/wp-json\/wp\/v2\/types\/post"}],"author":[{"embeddable":true,"href":"https:\/\/www.mendoza.gov.ar\/prensa\/wp-json\/wp\/v2\/users\/2"}],"replies":[{"embeddable":true,"href":"https:\/\/www.mendoza.gov.ar\/prensa\/wp-json\/wp\/v2\/comments?post=84629"}],"version-history":[{"count":0,"href":"https:\/\/www.mendoza.gov.ar\/prensa\/wp-json\/wp\/v2\/posts\/84629\/revisions"}],"wp:featuredmedia":[{"embeddable":true,"href":"https:\/\/www.mendoza.gov.ar\/prensa\/wp-json\/wp\/v2\/media\/84630"}],"wp:attachment":[{"href":"https:\/\/www.mendoza.gov.ar\/prensa\/wp-json\/wp\/v2\/media?parent=84629"}],"wp:term":[{"taxonomy":"category","embeddable":true,"href":"https:\/\/www.mendoza.gov.ar\/prensa\/wp-json\/wp\/v2\/categories?post=84629"},{"taxonomy":"post_tag","embeddable":true,"href":"https:\/\/www.mendoza.gov.ar\/prensa\/wp-json\/wp\/v2\/tags?post=84629"}],"curies":[{"name":"wp","href":"https:\/\/api.w.org\/{rel}","templated":true}]}}