{"id":84866,"date":"2017-03-28T18:48:04","date_gmt":"2017-03-28T21:48:04","guid":{"rendered":"http:\/\/prensa.mendoza.gov.ar\/?p=84866"},"modified":"2017-03-28T18:48:04","modified_gmt":"2017-03-28T21:48:04","slug":"economia-capacito-sobre-formulacion-de-proyectos-y-flujo-de-fondos","status":"publish","type":"post","link":"https:\/\/www.mendoza.gov.ar\/prensa\/economia-capacito-sobre-formulacion-de-proyectos-y-flujo-de-fondos\/","title":{"rendered":"Econom\u00eda capacit\u00f3 sobre Formulaci\u00f3n de proyectos y flujo de fondos"},"content":{"rendered":"<!DOCTYPE html PUBLIC \"-\/\/W3C\/\/DTD HTML 4.0 Transitional\/\/EN\" \"http:\/\/www.w3.org\/TR\/REC-html40\/loose.dtd\">\n<html><body><p>El Ministerio de Econom&iacute;a, Infraestructura y Energ&iacute;a, a trav&eacute;s de la iniciativa #MendozaEmprende, realiz&oacute; una jornada de capacitaci&oacute;n sobre Formulaci&oacute;n de proyectos y flujo de fondos, destinada a integrantes de incubadoras p&uacute;blicas y privadas.<\/p>\n<p>Las incubadoras componen el ecosistema emprendedor de la provincia y resultan fundamentales en el apoyo y acompa&ntilde;amiento de los emprendedores de Mendoza.<\/p>\n<p>La capacitaci&oacute;n proporcion&oacute; herramientas &uacute;tiles para el desarrollo de emprendimientos facilitando&nbsp;el acceso a los servicios financieros disponibles para el emprendedor adem&aacute;s de detallar temas como instrumentos para la efectiva formulaci&oacute;n de proyectos, metodolog&iacute;as, modelos y requisitos de l&iacute;neas financieras, entre otros puntos.<\/p>\n<p>Para m&aacute;s informaci&oacute;n sobre el #MendozaEmprende, comunicarse con la Subsecretar&iacute;a de Industria y Comercio al tel&eacute;fono 0261 4492508.<\/p>\n<\/body><\/html>\n","protected":false},"excerpt":{"rendered":"La iniciativa estuvo destinada a integrantes de incubadoras p\u00fablicas y privadas, fundamentales en el apoyo y acompa\u00f1amiento de los emprendedores de Mendoza.","protected":false},"author":2,"featured_media":84886,"comment_status":"open","ping_status":"open","sticky":false,"template":"","format":"standard","meta":[],"categories":[1],"tags":[],"_links":{"self":[{"href":"https:\/\/www.mendoza.gov.ar\/prensa\/wp-json\/wp\/v2\/posts\/84866"}],"collection":[{"href":"https:\/\/www.mendoza.gov.ar\/prensa\/wp-json\/wp\/v2\/posts"}],"about":[{"href":"https:\/\/www.mendoza.gov.ar\/prensa\/wp-json\/wp\/v2\/types\/post"}],"author":[{"embeddable":true,"href":"https:\/\/www.mendoza.gov.ar\/prensa\/wp-json\/wp\/v2\/users\/2"}],"replies":[{"embeddable":true,"href":"https:\/\/www.mendoza.gov.ar\/prensa\/wp-json\/wp\/v2\/comments?post=84866"}],"version-history":[{"count":0,"href":"https:\/\/www.mendoza.gov.ar\/prensa\/wp-json\/wp\/v2\/posts\/84866\/revisions"}],"wp:featuredmedia":[{"embeddable":true,"href":"https:\/\/www.mendoza.gov.ar\/prensa\/wp-json\/wp\/v2\/media\/84886"}],"wp:attachment":[{"href":"https:\/\/www.mendoza.gov.ar\/prensa\/wp-json\/wp\/v2\/media?parent=84866"}],"wp:term":[{"taxonomy":"category","embeddable":true,"href":"https:\/\/www.mendoza.gov.ar\/prensa\/wp-json\/wp\/v2\/categories?post=84866"},{"taxonomy":"post_tag","embeddable":true,"href":"https:\/\/www.mendoza.gov.ar\/prensa\/wp-json\/wp\/v2\/tags?post=84866"}],"curies":[{"name":"wp","href":"https:\/\/api.w.org\/{rel}","templated":true}]}}