{"id":84889,"date":"2017-03-29T10:31:01","date_gmt":"2017-03-29T13:31:01","guid":{"rendered":"http:\/\/prensa.mendoza.gov.ar\/?p=84889"},"modified":"2017-03-29T10:31:01","modified_gmt":"2017-03-29T13:31:01","slug":"la-lucha-antigranizo-trabajo-con-vuelos-de-siembra-en-el-norte-este-y-sur","status":"publish","type":"post","link":"https:\/\/www.mendoza.gov.ar\/prensa\/la-lucha-antigranizo-trabajo-con-vuelos-de-siembra-en-el-norte-este-y-sur\/","title":{"rendered":"La Lucha Antigranizo trabaj\u00f3 con vuelos de siembra en el Norte, Este y Sur"},"content":{"rendered":"<!DOCTYPE html PUBLIC \"-\/\/W3C\/\/DTD HTML 4.0 Transitional\/\/EN\" \"http:\/\/www.w3.org\/TR\/REC-html40\/loose.dtd\">\n<html><body><p>Un gran n&uacute;mero de tormentas se presentaron en la tarde del martes, por lo que el Sistema de Lucha Antigranizo debi&oacute; operar con vuelos de siembra en el oasis Norte, Este y Sur. Sobre los cultivos del Noreste, las aeronaves trabajaron de 11 a&nbsp;18. En el Sur, las operaciones se hicieron de 11 a&nbsp;13.<\/p>\n<div id=\"m_5108977978376452085yui_3_16_0_1_1490792874494_5558\"><span id=\"m_5108977978376452085yui_3_16_0_1_1490792874494_5559\" lang=\"ES-AR\">Se registraron precipitaciones en los cuatro oasis pero las &aacute;reas productivas s&oacute;lo fueron afectadas por lluvias. En el Este, se observaron aguaceros intensos en Rivadavia (La Central, El Mirador, Los Campamentos, La Libertad, Ciudad, Medrano y Andrade) y Jun&iacute;n (La Colonia, Ciudad, Los Barriales y Algarrobo Grande), Jun&iacute;n (Phillips), San Mart&iacute;n (Ciudad, Palmira, Chimbas, Montecaseros, Alto Chapanay, Chapanay, Alto Salvador, Buen Orden y Alto Verde) y en la totalidad de los departamentos de La Paz y Santa Rosa. Adem&aacute;s, cay&oacute; granizo en &aacute;reas de campo de Las Catitas, al norte de Santa Rosa.<\/span><\/div>\n<div id=\"m_5108977978376452085yui_3_16_0_1_1490792874494_5561\"><span lang=\"ES-AR\">&nbsp;<\/span><\/div>\n<div id=\"m_5108977978376452085yui_3_16_0_1_1490792874494_5561\"><span id=\"m_5108977978376452085yui_3_16_0_1_1490792874494_5562\" lang=\"ES-AR\">En el oasis Norte se registraron lluvias moderadas a intensas en Maip&uacute; (Fray Luis Beltr&aacute;n, Coquimbito, Rodeo del Medio, Barrancas, La Isla), Luj&aacute;n (Ugarteche, El Carrizal, Ciudad, Perdriel, Agrelo) y Lavalle (Gustavo Andr&eacute;, Costa de Araujo, Paramillos, La Holanda).<\/span><\/div>\n<div id=\"m_5108977978376452085yui_3_16_0_1_1490792874494_5561\"><span lang=\"ES-AR\">&nbsp;<\/span><\/div>\n<div id=\"m_5108977978376452085yui_3_16_0_1_1490792874494_5564\"><span id=\"m_5108977978376452085yui_3_16_0_1_1490792874494_5565\" lang=\"ES-AR\">En el Valle de Uco se observaron lluvias moderadas en toda la superficie cultivada de los tres departamentos.<\/span><\/div>\n<div id=\"m_5108977978376452085yui_3_16_0_1_1490792874494_5567\"><span lang=\"ES-AR\">&nbsp;<\/span><\/div>\n<div id=\"m_5108977978376452085yui_3_16_0_1_1490792874494_5567\"><span id=\"m_5108977978376452085yui_3_16_0_1_1490792874494_5568\" lang=\"ES-AR\">En tanto, en el oasis Sur se registraron lluvias intensas generales. Abarcaron las &aacute;reas cultivadas de San Rafael y General Alvear. Tambi&eacute;n se observ&oacute; granizo en superficie sin cultivar al este de General Alvear.<\/span><\/div>\n<div><\/div>\n<div id=\"m_5108977978376452085yui_3_16_0_1_1490792874494_5570\" dir=\"ltr\"><span id=\"m_5108977978376452085yui_3_16_0_1_1490792874494_5571\" lang=\"ES-AR\">El pron&oacute;stico elaborado por la Direcci&oacute;n de Agricultura y Contingencias Clim&aacute;ticas indica para este mi&eacute;rcoles nubosidad convectiva, tormentas de intensidad moderada a severa en los cuatro oasis.<\/span><\/div>\n<\/body><\/html>\n","protected":false},"excerpt":{"rendered":"Precipit\u00f3 en los cuatro oasis pero s\u00f3lo cay\u00f3 granizo en \u00e1reas sin cultivar. Se esperan tormentas severas en todo el territorio provincial.","protected":false},"author":2,"featured_media":84890,"comment_status":"open","ping_status":"open","sticky":false,"template":"","format":"standard","meta":[],"categories":[1],"tags":[],"_links":{"self":[{"href":"https:\/\/www.mendoza.gov.ar\/prensa\/wp-json\/wp\/v2\/posts\/84889"}],"collection":[{"href":"https:\/\/www.mendoza.gov.ar\/prensa\/wp-json\/wp\/v2\/posts"}],"about":[{"href":"https:\/\/www.mendoza.gov.ar\/prensa\/wp-json\/wp\/v2\/types\/post"}],"author":[{"embeddable":true,"href":"https:\/\/www.mendoza.gov.ar\/prensa\/wp-json\/wp\/v2\/users\/2"}],"replies":[{"embeddable":true,"href":"https:\/\/www.mendoza.gov.ar\/prensa\/wp-json\/wp\/v2\/comments?post=84889"}],"version-history":[{"count":0,"href":"https:\/\/www.mendoza.gov.ar\/prensa\/wp-json\/wp\/v2\/posts\/84889\/revisions"}],"wp:featuredmedia":[{"embeddable":true,"href":"https:\/\/www.mendoza.gov.ar\/prensa\/wp-json\/wp\/v2\/media\/84890"}],"wp:attachment":[{"href":"https:\/\/www.mendoza.gov.ar\/prensa\/wp-json\/wp\/v2\/media?parent=84889"}],"wp:term":[{"taxonomy":"category","embeddable":true,"href":"https:\/\/www.mendoza.gov.ar\/prensa\/wp-json\/wp\/v2\/categories?post=84889"},{"taxonomy":"post_tag","embeddable":true,"href":"https:\/\/www.mendoza.gov.ar\/prensa\/wp-json\/wp\/v2\/tags?post=84889"}],"curies":[{"name":"wp","href":"https:\/\/api.w.org\/{rel}","templated":true}]}}