{"id":85136,"date":"2017-03-31T08:23:22","date_gmt":"2017-03-31T11:23:22","guid":{"rendered":"http:\/\/prensa.mendoza.gov.ar\/?p=85136"},"modified":"2017-03-31T08:23:22","modified_gmt":"2017-03-31T11:23:22","slug":"comenzaron-las-jornadas-de-medicina-de-familia","status":"publish","type":"post","link":"https:\/\/www.mendoza.gov.ar\/prensa\/comenzaron-las-jornadas-de-medicina-de-familia\/","title":{"rendered":"Comenzaron las Jornadas de Medicina de Familia"},"content":{"rendered":"<!DOCTYPE html PUBLIC \"-\/\/W3C\/\/DTD HTML 4.0 Transitional\/\/EN\" \"http:\/\/www.w3.org\/TR\/REC-html40\/loose.dtd\">\n<html><body><div id=\"m_-54853278029228865yui_3_16_0_1_1490900652147_9185\" dir=\"ltr\">Bajo la consigna &ldquo;Una mirada integradora y equitativa&rdquo;, el jueves comenzaron a desarrollarse las Primeras Jornadas de Medicina de Familia organizadas por la Obra Social de Empleados P&uacute;blicos de la Provincia (OSEP) y la Universidad Nacional de Cuyo.<\/div>\n<div dir=\"ltr\"><\/div>\n<div dir=\"ltr\">El encuentro finalizar&aacute; el s&aacute;bado 1 de abril y se lleva a cabo en el Aula del Bicentenario de la Facultad de Ciencias M&eacute;dicas.<\/div>\n<div dir=\"ltr\"><\/div>\n<div id=\"m_-54853278029228865yui_3_16_0_1_1490900652147_9176\" dir=\"ltr\">Los encargados de la apertura fueron los doctores Teresa Z&aacute;rate de Lara, directora de Atenci&oacute;n de la Salud de OSEP; Pedro Eliseo Esteves, decano de la Facultad de Ciencias M&eacute;dicas; Mariana Casta&ntilde;os, directora de Atenci&oacute;n Primaria y Promoci&oacute;n de la Salud, e Iris Quiroga, coordinadora de la Unidad de Medicina de Familia OSEP Cerca.<\/div>\n<div dir=\"ltr\"><\/div>\n<div id=\"m_-54853278029228865yui_3_16_0_1_1490900652147_9151\" dir=\"ltr\">Luego se abordaron distintas tem&aacute;ticas. Entre ellas, la importancia de la atenci&oacute;n primaria de la salud, nuevas familias y paciente dif&iacute;cil. Tambi&eacute;n dos talleres, uno sobre identidad de g&eacute;nero y otro sobre habilidades comunicacionales. Se destac&oacute; la presencia de la doctora Agustina Pi&ntilde;ero, m&eacute;dica de familia de la provincia de C&oacute;rdoba.<\/div>\n<div dir=\"ltr\"><\/div>\n<div id=\"m_-54853278029228865yui_3_16_0_1_1490900652147_9152\" dir=\"ltr\"><strong>Las pr&oacute;ximas jornadas<\/strong><\/div>\n<div dir=\"ltr\"><\/div>\n<div id=\"m_-54853278029228865yui_3_16_0_1_1490900652147_9175\" dir=\"ltr\">Viernes 31: de&nbsp;9 a 16, las disertaciones expondr&aacute;n sobre Disciplina y l&iacute;mites en la infancia, Trastornos ortop&eacute;dicos en la infancia, Duelo en la&nbsp;infancia , Abordaje comunitario\/trabajo en red y Actualizaci&oacute;n en rastreos.<\/div>\n<div dir=\"ltr\"><\/div>\n<div id=\"m_-54853278029228865yui_3_16_0_1_1490900652147_9154\" dir=\"ltr\">S&aacute;bado 1 de abril: de 9 a 12.30, Sexualidad en la mujer. Medicalizaci&oacute;n en la Menopausia: prevenci&oacute;n cuaternaria. Disminuci&oacute;n del deseo sexual con el uso de anticoncepci&oacute;n hormonal &iquest;Mito o verdad? y Abuso y cuidados inadecuados en el anciano.<\/div>\n<div dir=\"ltr\"><\/div>\n<div id=\"m_-54853278029228865yui_3_16_0_1_1490900652147_9174\" dir=\"ltr\"><strong>La organizaci&oacute;n<\/strong><\/div>\n<div dir=\"ltr\"><\/div>\n<div id=\"m_-54853278029228865yui_3_16_0_1_1490900652147_9156\" dir=\"ltr\">La doctora Iris Quiroga, referente del servicio de Medicina de Familia de OSEP, explic&oacute; que el objetivo de las jornadas es reflexionar sobre la importancia de la atenci&oacute;n primaria y el rol del m&eacute;dico de familia y los equipos como responsables del proceso de salud, en el marco de una medicina centrada en la persona, la familia y la comunidad.<\/div>\n<div dir=\"ltr\"><\/div>\n<div id=\"m_-54853278029228865yui_3_16_0_1_1490900652147_9157\" dir=\"ltr\">Cabe destacar que la mayor&iacute;a de los disertantes pertenecen a la obra social. Como el m&eacute;dico de familia hace un abordaje longitudinal desde que la persona nace hasta que muere, se desarrollar&aacute;n temas relacionados desde la infancia hasta el adulto mayor, incluyendo adem&aacute;s tem&aacute;ticas de g&eacute;nero.<\/div>\n<\/body><\/html>\n","protected":false},"excerpt":{"rendered":"Finalizar\u00e1 el 1 de abril y se desarrolla en el Aula del Bicentenario de la Facultad de Ciencias M\u00e9dicas. Buscan reflexionar sobre la importancia de la atenci\u00f3n primaria y el rol del m\u00e9dico de familia y los equipos como responsables del proceso de salud.","protected":false},"author":2,"featured_media":85137,"comment_status":"open","ping_status":"open","sticky":false,"template":"","format":"standard","meta":[],"categories":[30],"tags":[],"_links":{"self":[{"href":"https:\/\/www.mendoza.gov.ar\/prensa\/wp-json\/wp\/v2\/posts\/85136"}],"collection":[{"href":"https:\/\/www.mendoza.gov.ar\/prensa\/wp-json\/wp\/v2\/posts"}],"about":[{"href":"https:\/\/www.mendoza.gov.ar\/prensa\/wp-json\/wp\/v2\/types\/post"}],"author":[{"embeddable":true,"href":"https:\/\/www.mendoza.gov.ar\/prensa\/wp-json\/wp\/v2\/users\/2"}],"replies":[{"embeddable":true,"href":"https:\/\/www.mendoza.gov.ar\/prensa\/wp-json\/wp\/v2\/comments?post=85136"}],"version-history":[{"count":0,"href":"https:\/\/www.mendoza.gov.ar\/prensa\/wp-json\/wp\/v2\/posts\/85136\/revisions"}],"wp:featuredmedia":[{"embeddable":true,"href":"https:\/\/www.mendoza.gov.ar\/prensa\/wp-json\/wp\/v2\/media\/85137"}],"wp:attachment":[{"href":"https:\/\/www.mendoza.gov.ar\/prensa\/wp-json\/wp\/v2\/media?parent=85136"}],"wp:term":[{"taxonomy":"category","embeddable":true,"href":"https:\/\/www.mendoza.gov.ar\/prensa\/wp-json\/wp\/v2\/categories?post=85136"},{"taxonomy":"post_tag","embeddable":true,"href":"https:\/\/www.mendoza.gov.ar\/prensa\/wp-json\/wp\/v2\/tags?post=85136"}],"curies":[{"name":"wp","href":"https:\/\/api.w.org\/{rel}","templated":true}]}}