{"id":85264,"date":"2017-04-01T09:47:38","date_gmt":"2017-04-01T12:47:38","guid":{"rendered":"http:\/\/prensa.mendoza.gov.ar\/?p=85264"},"modified":"2017-04-01T09:47:38","modified_gmt":"2017-04-01T12:47:38","slug":"nuevo-servicio-de-transporte-beneficiara-a-vecinos-del-barrio-atsa","status":"publish","type":"post","link":"https:\/\/www.mendoza.gov.ar\/prensa\/nuevo-servicio-de-transporte-beneficiara-a-vecinos-del-barrio-atsa\/","title":{"rendered":"Nuevo servicio de transporte beneficiar\u00e1 a vecinos del Barrio ATSA"},"content":{"rendered":"<!DOCTYPE html PUBLIC \"-\/\/W3C\/\/DTD HTML 4.0 Transitional\/\/EN\" \"http:\/\/www.w3.org\/TR\/REC-html40\/loose.dtd\">\n<html><body><p>Los vecinos de los barrios Procrear y ATSA tendr&aacute;n, a partir del pr&oacute;ximo lunes pr&oacute;ximo, un mejor servicio de transporte, ya que se pondr&aacute; en marcha un nuevo recorrido&nbsp;para atender la demanda de quienes habitan en la zona.<\/p>\n<p>Ser&aacute; prestado por el Grupo 7 con la leyenda &ldquo;B&deg; Universitario &ndash; B&deg; Procrear &ndash; B&deg; Atsa &ndash; Alsina &ndash; 9 de Julio &ndash; Club IMPSA&rdquo;, l&iacute;nea 121. Tendr&aacute; 12 frecuencias diarias.<\/p>\n<p>Los usuarios de este servicio podr&aacute;n adem&aacute;s llegar hasta la cabecera departamental, teniendo en cuenta que en la Plaza Godoy Cruz tendr&aacute; la posibilidad de acceder al beneficio del trasbordo.<\/p>\n<p>El recorrido que realizar&aacute;n los colectivos ser&aacute; el siguiente: Control, Terrada hacia el Sur, Palma, Terrada hacia el Norte, Lateral Norte Emilio Civit, Arenales, B&ordm; Procrear, Juan B. Justo, Terrada, Rawson, V&eacute;lez Sarsfield, Sarmiento, Cervantes, Alvarez Thomas, Perito Moreno, Rivadavia, Col&oacute;n, Lavalle, Azopardo, Remedios Escalada,&nbsp;Progreso, Av. Gob. Ricardo Videla, Primitivo de la Reta, Alsina, 9 de Julio, Paso de los Andes, Polonia, Ruta de los Patos, Jos&eacute; Ingenieros, Paso de los Andes, 9 de Julio, Arist&oacute;bulo del Valle, Terrada, Juan B. Justo, B&ordm; Procrear, Arenales, Lateral Sur Emilio Civit, Terrada hacia el Sur, Palma, Terrada hacia el Norte, Control.<\/p>\n<p><strong>M&aacute;s servicios y frecuencias<\/strong><\/p>\n<p>Durante el 2016, la Direcci&oacute;n de Transporte trabaj&oacute; con diferentes uniones vecinales del Gran Mendoza para conocer cu&aacute;les eran las zonas que necesitaban mejoras en la prestaci&oacute;n del servicio.<\/p>\n<p>En ese per&iacute;odo se gestionaron avances para los departamentos de Las Heras, Guaymall&eacute;n, Maip&uacute;, Capital y Godoy Cruz. A continuaci&oacute;n, un detalle de qu&eacute; servicios se pusieron en vigencia:<\/p>\n<ul>\n<li>L&iacute;nea 174 &ndash; Grupo 10. Se modific&oacute; el recorrido para beneficiar a los barrios Tropero Sosa, M&eacute;xico I y II, Nueva Ciudad y Coquimbito.<\/li>\n<li>L&iacute;nea A &ndash; 21 &ldquo;Rodeo de la Cruz x Nacional&rdquo; &ndash; Grupo 2. Nuevo recorrido para asistir al B&deg; La Favorita, con 16 frecuencias de lunes a viernes.<\/li>\n<li>L&iacute;nea 61 &ldquo;Vandor &ndash; Los Barrancos x Segundo Sombra&rdquo; &ndash; Grupo 6. Nuevo recorrido, con 19 frecuencias los d&iacute;as h&aacute;biles, 16 para los s&aacute;bados y 11 domingos y feriados que benefici&oacute; a los vecinos del barrio Jard&iacute;n Sarmiento.<\/li>\n<li>L&iacute;nea 63 &ldquo;Independencia &ndash; Htal. Lagomaggiore &ndash; UNC&rdquo; &ndash; Grupo 6. Se modific&oacute; el recorrido para solucionar la falta de transporte en el barrio Soberan&iacute;a Nacional.<\/li>\n<li>L&iacute;nea 73 &ldquo;Expreso Maip&uacute; &ndash; R. Pe&ntilde;a &ndash; Mendoza&rdquo; &ndash; Grupo 10. Benefici&oacute; a los usuarios de calle Necochea.<\/li>\n<li>L&iacute;neas 54 y 55 &ndash; Grupo 5. Se ampli&oacute; el recorrido de ambas l&iacute;neas para atender la zona comprendida entre las calles Miralles y Saenz Pe&ntilde;a.<\/li>\n<li>Nuevo servicio &ldquo;Escolar &ndash; Mixto&rdquo; con 3 frecuencias que benefici&oacute; al B&deg; Las Chacras de Guaymall&eacute;n que hasta ese momento no contaba con un servicio de transporte.<\/li>\n<li>Incremento de 4 frecuencias diarias para la L&iacute;nea 87 &ldquo;B&deg; Municipal &ndash; Los Peluqueros&rdquo; &ndash; Grupo 4.<\/li>\n<li>Se incorporaron 16 frecuencias al servicio Troncal &ldquo;G. Cruz &ndash; L. Heras&rdquo;, dado que este servicio comenz&oacute; a servir la zona de La Estanzuela.<\/li>\n<li>L&iacute;nea 62 &ldquo;Mathus Hoyos &ndash; Htal. Lagomaggiore&rdquo; &ndash; Grupo 6. Nuevo recorrido que benefici&oacute; a los barrios Olivares y Flores del Sur, con 10 frecuencias los d&iacute;as h&aacute;biles, 12 los s&aacute;bados y 9 para domingos y feriados.<\/li>\n<\/ul>\n<p><a href=\"https:\/\/www.mendoza.gov.ar\/prensa\/wp-content\/uploads\/sites\/23\/transporte-recorridos-frecuencias-y-modificaciones-01.png\"><img loading=\"lazy\" class=\"alignnone wp-image-85266 img-responsive center-block\" src=\"https:\/\/www.mendoza.gov.ar\/prensa\/wp-content\/uploads\/sites\/23\/transporte-recorridos-frecuencias-y-modificaciones-01.png\" alt=\"\" width=\"650\" height=\"325\"><\/a><\/p>\n<\/body><\/html>\n","protected":false},"excerpt":{"rendered":"Comenzar\u00e1 a funcionar el lunes pr\u00f3ximo, 3 de abril, y tendr\u00e1 12 frecuencias diarias.","protected":false},"author":2,"featured_media":83784,"comment_status":"open","ping_status":"open","sticky":false,"template":"","format":"standard","meta":[],"categories":[34],"tags":[],"_links":{"self":[{"href":"https:\/\/www.mendoza.gov.ar\/prensa\/wp-json\/wp\/v2\/posts\/85264"}],"collection":[{"href":"https:\/\/www.mendoza.gov.ar\/prensa\/wp-json\/wp\/v2\/posts"}],"about":[{"href":"https:\/\/www.mendoza.gov.ar\/prensa\/wp-json\/wp\/v2\/types\/post"}],"author":[{"embeddable":true,"href":"https:\/\/www.mendoza.gov.ar\/prensa\/wp-json\/wp\/v2\/users\/2"}],"replies":[{"embeddable":true,"href":"https:\/\/www.mendoza.gov.ar\/prensa\/wp-json\/wp\/v2\/comments?post=85264"}],"version-history":[{"count":0,"href":"https:\/\/www.mendoza.gov.ar\/prensa\/wp-json\/wp\/v2\/posts\/85264\/revisions"}],"wp:featuredmedia":[{"embeddable":true,"href":"https:\/\/www.mendoza.gov.ar\/prensa\/wp-json\/wp\/v2\/media\/83784"}],"wp:attachment":[{"href":"https:\/\/www.mendoza.gov.ar\/prensa\/wp-json\/wp\/v2\/media?parent=85264"}],"wp:term":[{"taxonomy":"category","embeddable":true,"href":"https:\/\/www.mendoza.gov.ar\/prensa\/wp-json\/wp\/v2\/categories?post=85264"},{"taxonomy":"post_tag","embeddable":true,"href":"https:\/\/www.mendoza.gov.ar\/prensa\/wp-json\/wp\/v2\/tags?post=85264"}],"curies":[{"name":"wp","href":"https:\/\/api.w.org\/{rel}","templated":true}]}}