{"id":85774,"date":"2017-04-05T11:59:48","date_gmt":"2017-04-05T14:59:48","guid":{"rendered":"http:\/\/prensa.mendoza.gov.ar\/?p=85774"},"modified":"2017-04-05T11:59:48","modified_gmt":"2017-04-05T14:59:48","slug":"promendoza-lanzo-su-programa-pymexporta","status":"publish","type":"post","link":"https:\/\/www.mendoza.gov.ar\/prensa\/promendoza-lanzo-su-programa-pymexporta\/","title":{"rendered":"ProMendoza lanz\u00f3 su programa Pymexporta"},"content":{"rendered":"<!DOCTYPE html PUBLIC \"-\/\/W3C\/\/DTD HTML 4.0 Transitional\/\/EN\" \"http:\/\/www.w3.org\/TR\/REC-html40\/loose.dtd\">\n<html><body><div id=\":11s\" class=\"ii gt adP adO\">\n<div id=\":11r\" class=\"a3s aXjCH m15b3e8ec2e19d869\">\n<div id=\"m_-8283875473346243747yui_3_16_0_ym19_1_1491402870717_8605\" class=\"m_-8283875473346243747yahoo_quoted\">\n<div id=\"m_-8283875473346243747yui_3_16_0_ym19_1_1491402870717_8604\">\n<div id=\"m_-8283875473346243747yui_3_16_0_ym19_1_1491402870717_8603\">\n<div id=\"m_-8283875473346243747yui_3_16_0_ym19_1_1491402870717_8606\" class=\"m_-8283875473346243747y_msg_container\">\n<div id=\"m_-8283875473346243747yiv5866561436\">\n<div id=\"m_-8283875473346243747yui_3_16_0_ym19_1_1491402870717_8609\">\n<p>A partir de esta semana, ProMendoza relanza el Programa Pymexporta, cuyo objetivo es reintegrar a las peque&ntilde;as y medianas empresas, hasta el 50% de gastos efectuados en promoci&oacute;n de productos y servicios en el exterior.<\/p>\n<p>El programa busca ayudar a las empresas exportadoras y\/o con potencial internacional a conseguir nuevos clientes y concretar exportaciones. El desarrollo, la ejecuci&oacute;n y el control del programa Pymexporta est&aacute; a cargo de la Fundaci&oacute;n.<\/p>\n<p><strong>Actividades que &nbsp;incluye<\/strong><\/p>\n<p>Las empresas pueden utilizar este programa para:<\/p>\n<ul>\n<li>La obtenci&oacute;n de marcas en el extranjero.<\/li>\n<li>La formaci&oacute;n de <em>joint-ventures<\/em> u otras asociaciones en el exterior.<\/li>\n<li>Dise&ntilde;o e impresi&oacute;n de folletos, videos, <em>web, e-commerce.<\/em><\/li>\n<li>Otras herramientas de promoci&oacute;n; viajes de ejecutivos mercados extranjeros (pasaje y alojamiento para una persona con un m&aacute;ximo de 5 noches).<\/li>\n<li>Participaci&oacute;n en ferias comerciales y rondas de negocios.<\/li>\n<li>Env&iacute;os de muestras.<\/li>\n<\/ul>\n<p><strong>Qui&eacute;nes se benefician<\/strong><\/p>\n<p>Est&aacute;&nbsp;abierta la inscripci&oacute;n para empresas que tengan un producto o servicio propio, con establecimiento productivo en Mendoza, cuya antig&uuml;edad supere los dos a&ntilde;os y posea una facturaci&oacute;n anual que no supere los 3 millones d&oacute;lares y cuyas exportaciones sean menores o iguales a 1 mill&oacute;n de d&oacute;lares.<\/p>\n<p>M&aacute;s informaci&oacute;n, en pymexporta@promendoza.com.<\/p>\n<\/div>\n<\/div>\n<\/div>\n<\/div>\n<\/div>\n<\/div>\n<\/div>\n<\/div>\n<\/body><\/html>\n","protected":false},"excerpt":{"rendered":"Est\u00e1 destinado a empresas que tengan un producto o servicio propio, con establecimiento productivo en Mendoza, de m\u00e1s de dos a\u00f1os de antig\u00fcedad y con exportaciones menores o iguales a 1 mill\u00f3n de d\u00f3lares.","protected":false},"author":2,"featured_media":85777,"comment_status":"open","ping_status":"open","sticky":false,"template":"","format":"standard","meta":[],"categories":[1],"tags":[],"_links":{"self":[{"href":"https:\/\/www.mendoza.gov.ar\/prensa\/wp-json\/wp\/v2\/posts\/85774"}],"collection":[{"href":"https:\/\/www.mendoza.gov.ar\/prensa\/wp-json\/wp\/v2\/posts"}],"about":[{"href":"https:\/\/www.mendoza.gov.ar\/prensa\/wp-json\/wp\/v2\/types\/post"}],"author":[{"embeddable":true,"href":"https:\/\/www.mendoza.gov.ar\/prensa\/wp-json\/wp\/v2\/users\/2"}],"replies":[{"embeddable":true,"href":"https:\/\/www.mendoza.gov.ar\/prensa\/wp-json\/wp\/v2\/comments?post=85774"}],"version-history":[{"count":0,"href":"https:\/\/www.mendoza.gov.ar\/prensa\/wp-json\/wp\/v2\/posts\/85774\/revisions"}],"wp:featuredmedia":[{"embeddable":true,"href":"https:\/\/www.mendoza.gov.ar\/prensa\/wp-json\/wp\/v2\/media\/85777"}],"wp:attachment":[{"href":"https:\/\/www.mendoza.gov.ar\/prensa\/wp-json\/wp\/v2\/media?parent=85774"}],"wp:term":[{"taxonomy":"category","embeddable":true,"href":"https:\/\/www.mendoza.gov.ar\/prensa\/wp-json\/wp\/v2\/categories?post=85774"},{"taxonomy":"post_tag","embeddable":true,"href":"https:\/\/www.mendoza.gov.ar\/prensa\/wp-json\/wp\/v2\/tags?post=85774"}],"curies":[{"name":"wp","href":"https:\/\/api.w.org\/{rel}","templated":true}]}}