{"id":85921,"date":"2017-04-06T09:24:58","date_gmt":"2017-04-06T12:24:58","guid":{"rendered":"http:\/\/prensa.mendoza.gov.ar\/?p=85921"},"modified":"2017-09-08T10:36:04","modified_gmt":"2017-09-08T13:36:04","slug":"el-transporte-publico-de-pasajeros-esta-cumpliendo-el-20-de-frecuencias","status":"publish","type":"post","link":"https:\/\/www.mendoza.gov.ar\/prensa\/el-transporte-publico-de-pasajeros-esta-cumpliendo-el-20-de-frecuencias\/","title":{"rendered":"El transporte p\u00fablico de pasajeros est\u00e1 cumpliendo el 20% de frecuencias"},"content":{"rendered":"<!DOCTYPE html PUBLIC \"-\/\/W3C\/\/DTD HTML 4.0 Transitional\/\/EN\" \"http:\/\/www.w3.org\/TR\/REC-html40\/loose.dtd\">\n<html><body><p>El transporte p&uacute;blico de pasajeros est&aacute; cumpliendo con &nbsp;el 20% de frecuencias tal como se acord&oacute; con el Ejecutivo provincial. Desde las 7 y hasta las 22 los colectivos circular&aacute;n garantizando el servicio m&iacute;nimo. La mayor&iacute;a cuenta con apoyo policial en las unidades luego de que varias unidades fueran apedreadas cuando intentaban dar inicio a sus recorridos.<\/p>\n<p>Esta ma&ntilde;ana se presentaron algunos inconvenientes luego de que la Sociedad de Transporte Mendoza (STM) denunciara que uno de los micros del recorrido Parque fuera apedreado. El hecho sucedi&oacute; entre las calles Mart&iacute;n Zapata y Boulogne Sur Mer cuando intentaba dar inicio al recorrido. Cerca de las 9 otro colectivo de la STM fue apedreado en Jorge A. Calle y Rodr&iacute;guez, de ciudad.<\/p>\n<p><a href=\"https:\/\/www.mendoza.gov.ar\/prensa\/wp-content\/uploads\/sites\/23\/e031089b-0c22-4d84-810f-0c5fee42b1c8.jpg\"><img loading=\"lazy\" class=\"alignnone wp-image-85922 img-responsive center-block\" src=\"https:\/\/www.mendoza.gov.ar\/prensa\/wp-content\/uploads\/sites\/23\/e031089b-0c22-4d84-810f-0c5fee42b1c8.jpg\" alt=\"\" width=\"650\" height=\"1156\"><\/a><\/p>\n<p>El Metrotranv&iacute;a tambi&eacute;n fue apedreado durante la madrugada. Una de sus unidades mientras recorr&iacute;a la zona de la cancha de Godoy Cruz y otra a la altura de Puente Balcarce. En este momento funciona s&oacute;lo con tres duplas.<\/p>\n<p>Se informa adem&aacute;s que desde primera hora est&aacute;n impidiendo la salida de los coches del Grupo 400 sobre Rodr&iacute;guez Pe&ntilde;a. Ya hay presencia policial en el lugar. El grupo 700 que cubre el Este de la provincia funciona con normalidad al igual que los servicios del Sur y Valle de Uco. Los colectivos que van a Lavalle tambi&eacute;n est&aacute;n cumpliendo con el servicio m&iacute;nimo.<\/p>\n<\/body><\/html>\n","protected":false},"excerpt":{"rendered":"Tal como se acord\u00f3 con el Gobierno los colectivos circulan cumpliendo el servicio m\u00ednimo desde las 7. La mayor\u00eda cuenta con apoyo policial en las unidades luego de que varias unidades fueran apedreadas cuando intentaban dar inicio a sus recorridos. ","protected":false},"author":2,"featured_media":85923,"comment_status":"open","ping_status":"open","sticky":false,"template":"","format":"standard","meta":[],"categories":[19,34],"tags":[],"_links":{"self":[{"href":"https:\/\/www.mendoza.gov.ar\/prensa\/wp-json\/wp\/v2\/posts\/85921"}],"collection":[{"href":"https:\/\/www.mendoza.gov.ar\/prensa\/wp-json\/wp\/v2\/posts"}],"about":[{"href":"https:\/\/www.mendoza.gov.ar\/prensa\/wp-json\/wp\/v2\/types\/post"}],"author":[{"embeddable":true,"href":"https:\/\/www.mendoza.gov.ar\/prensa\/wp-json\/wp\/v2\/users\/2"}],"replies":[{"embeddable":true,"href":"https:\/\/www.mendoza.gov.ar\/prensa\/wp-json\/wp\/v2\/comments?post=85921"}],"version-history":[{"count":1,"href":"https:\/\/www.mendoza.gov.ar\/prensa\/wp-json\/wp\/v2\/posts\/85921\/revisions"}],"predecessor-version":[{"id":102950,"href":"https:\/\/www.mendoza.gov.ar\/prensa\/wp-json\/wp\/v2\/posts\/85921\/revisions\/102950"}],"wp:featuredmedia":[{"embeddable":true,"href":"https:\/\/www.mendoza.gov.ar\/prensa\/wp-json\/wp\/v2\/media\/85923"}],"wp:attachment":[{"href":"https:\/\/www.mendoza.gov.ar\/prensa\/wp-json\/wp\/v2\/media?parent=85921"}],"wp:term":[{"taxonomy":"category","embeddable":true,"href":"https:\/\/www.mendoza.gov.ar\/prensa\/wp-json\/wp\/v2\/categories?post=85921"},{"taxonomy":"post_tag","embeddable":true,"href":"https:\/\/www.mendoza.gov.ar\/prensa\/wp-json\/wp\/v2\/tags?post=85921"}],"curies":[{"name":"wp","href":"https:\/\/api.w.org\/{rel}","templated":true}]}}