{"id":85941,"date":"2017-04-06T11:11:32","date_gmt":"2017-04-06T14:11:32","guid":{"rendered":"http:\/\/prensa.mendoza.gov.ar\/?p=85941"},"modified":"2017-04-06T11:11:32","modified_gmt":"2017-04-06T14:11:32","slug":"lobesia-botrana-lanzan-plan-de-registro-de-cultivos-de-vid-en-riesgo-sanitario","status":"publish","type":"post","link":"https:\/\/www.mendoza.gov.ar\/prensa\/lobesia-botrana-lanzan-plan-de-registro-de-cultivos-de-vid-en-riesgo-sanitario\/","title":{"rendered":"Polilla de la vid: inscripci\u00f3n para asistencia gratuita a productores\u00a0vit\u00edcolas de Mendoza"},"content":{"rendered":"<!DOCTYPE html PUBLIC \"-\/\/W3C\/\/DTD HTML 4.0 Transitional\/\/EN\" \"http:\/\/www.w3.org\/TR\/REC-html40\/loose.dtd\">\n<html><body><p>A fin de implementar una estrategia de control de manera simult&aacute;nea y&nbsp;generalizada contra la Polilla de la Vid, los productores vit&iacute;colas deber&aacute;n&nbsp;inscribirse desde el 11 de abril al 31 de mayo de 9 a 15, en las&nbsp;delegaciones del ISCAMEN.<\/p>\n<p>La inscripci&oacute;n resulta un procedimiento obligatorio para que oportunamente, los productores sean incluidos como beneficiarios del Programa y puedan&nbsp;recibir los insumos de control necesarios para la lucha contra la plaga.<\/p>\n<p>Se ha dispuesto como lugar de inscripci&oacute;n la Cooperativa Nueva&nbsp;California (Santa Marina S\/N), Lavalle, a fin de facilitar el registro de&nbsp;los productores aleda&ntilde;os. Asimismo, con la colaboraci&oacute;n de municipios,&nbsp;cooperativas y establecimientos ligados a la actividad, se est&aacute; trabajando&nbsp;para la habilitaci&oacute;n de nuevos puntos de inscripci&oacute;n a fin de agilizar el&nbsp;tr&aacute;mite.<\/p>\n<p><strong>Requisitos para acceder a los beneficios<\/strong><\/p>\n<p>&bull;&nbsp; &nbsp; &nbsp; &nbsp; &nbsp;Fotocopia de DNI de quien se presente a inscribir la propiedad.&nbsp;En caso de no ser el titular (encargado, administrador, sucesiones, etc.)&nbsp;presentar autorizaci&oacute;n o copia del poder.<br>\n&bull;&nbsp; &nbsp; &nbsp; &nbsp; &nbsp;Copia de constituci&oacute;n de Sociedad o contrato social, en caso de&nbsp;corresponder.<br>\n&bull;&nbsp; &nbsp; &nbsp; &nbsp; &nbsp;Impresi&oacute;n del CUIT del titular o de la entidad que lleva&nbsp;adelante la explotaci&oacute;n (seg&uacute;n corresponda)<br>\n&bull;&nbsp; &nbsp; &nbsp; &nbsp; &nbsp;Fotocopia de t&iacute;tulo de la propiedad<br>\n&bull;&nbsp; &nbsp; &nbsp; &nbsp; &nbsp;Fotocopia del RENSPA &ndash; RUT actualizado de la\/s propiedad\/es a&nbsp;inscribir<br>\n&bull;&nbsp; &nbsp; &nbsp; &nbsp; &nbsp;Resultado de &uacute;ltimo censo vit&iacute;cola efectuado por el INV<br>\n&bull;&nbsp; &nbsp; &nbsp; &nbsp; &nbsp;&Uacute;ltimo boleto de pago emitida por el Departamento General de&nbsp;Irrigaci&oacute;n.<\/p>\n<p><strong>Lugares de Inscripci&oacute;n<\/strong><\/p>\n<p>Sede Central ISCAMEN: Boulogne Sur Mer 3050, Mendoza. Tel.\/fax:&nbsp;4295450-4258741- 4297315-4299013-4299015&nbsp; <a href=\"mailto:lobesia@iscamen.com.ar\">lobesia@iscamen.com.ar<\/a>&nbsp; \/&nbsp;<a href=\"https:\/\/www.iscamen.com.ar\/\" target=\"_blank\" rel=\"noreferrer\">www.iscamen.com.ar<\/a><br>\nISCAMEN Km 8: Silvano Rodr&iacute;guez S\/N Km8, Guaymall&eacute;n. Tel.\/fax:&nbsp;4912928-4910299-4910576 <a href=\"mailto:moscamed@iscamen.com.ar\">moscamed@iscamen.com.ar<\/a><\/p>\n<p>ISCAMEN Este: Chubut 130, San Mart&iacute;n. Tel.: (0263) 4427162&nbsp;<a href=\"mailto:sanmartin@iscamen.com.ar\">sanmartin@iscamen.com.ar<\/a><\/p>\n<p>ISCAMEN Valle de Uco: Roca 1138 -Tunuy&aacute;n. Tel.\/fax: (02622) 423709&nbsp;<a href=\"mailto:tunuyan@iscamen.com.ar\">tunuyan@iscamen.com.ar<\/a> \/ <a href=\"mailto:oasiscentro@iscamen.com.ar\">oasiscentro@iscamen.com.ar<\/a> \/&nbsp;<a href=\"mailto:valledeuco@iscamen.com.ar\">valledeuco@iscamen.com.ar<\/a><\/p>\n<p>ISCAMEN San Rafael: Av. Mitre 5400, Cuadro Nacional.&nbsp; Tel.\/fax: (0260)&nbsp;4442032&nbsp; <a href=\"mailto:sanrafael@iscamen.com.ar\">sanrafael@iscamen.com.ar<\/a> \/ <a href=\"mailto:oasissur@iscamen.com.ar\">oasissur@iscamen.com.ar<\/a><\/p>\n<p>ISCAMEN General Alvear: Italia 251. Tel.\/fax: (02625) 424711&nbsp;<a href=\"mailto:barrerassur@iscamen.com.ar\">barrerassur@iscamen.com.ar<\/a><\/p>\n<p>Tambi&eacute;n se ha previsto, por parte de ISCAMEN, el desarrollo de una&nbsp;importante campa&ntilde;a de concientizaci&oacute;n, difusi&oacute;n y capacitaci&oacute;n a fin de&nbsp;informar acerca de la biolog&iacute;a del insecto, los severos da&ntilde;os que ocasiona&nbsp;en los cultivos, el impacto econ&oacute;mico que ello provoca y el correcto&nbsp;empleo de los insumos de control para lograr &oacute;ptimos resultados, puesto<br>\nque la comprensi&oacute;n de esos temas y el involucramiento por parte del&nbsp;productor, resultan piezas claves para el &eacute;xito del programa.<\/p>\n<p>Tras seis a&ntilde;os de avance constante de la plaga que en la actualidad afecta&nbsp;160 mil hect&aacute;reas cultivadas en Mendoza, el Gobierno Nacional ha destinado&nbsp;$400 millones para implementar pol&iacute;ticas activas de control en las&nbsp;provincias afectadas.<\/p>\n<\/body><\/html>\n","protected":false},"excerpt":{"rendered":"En el marco del Programa de Control y Erradicaci\u00f3n de Lobesia botrana,\u00a0para la pr\u00f3xima temporada agr\u00edcola se prev\u00e9 la asistencia a todos los\u00a0productores de vid de la provincia, con insumos para el combate de la\u00a0plaga.","protected":false},"author":2,"featured_media":85942,"comment_status":"open","ping_status":"open","sticky":false,"template":"","format":"standard","meta":[],"categories":[1],"tags":[],"_links":{"self":[{"href":"https:\/\/www.mendoza.gov.ar\/prensa\/wp-json\/wp\/v2\/posts\/85941"}],"collection":[{"href":"https:\/\/www.mendoza.gov.ar\/prensa\/wp-json\/wp\/v2\/posts"}],"about":[{"href":"https:\/\/www.mendoza.gov.ar\/prensa\/wp-json\/wp\/v2\/types\/post"}],"author":[{"embeddable":true,"href":"https:\/\/www.mendoza.gov.ar\/prensa\/wp-json\/wp\/v2\/users\/2"}],"replies":[{"embeddable":true,"href":"https:\/\/www.mendoza.gov.ar\/prensa\/wp-json\/wp\/v2\/comments?post=85941"}],"version-history":[{"count":0,"href":"https:\/\/www.mendoza.gov.ar\/prensa\/wp-json\/wp\/v2\/posts\/85941\/revisions"}],"wp:featuredmedia":[{"embeddable":true,"href":"https:\/\/www.mendoza.gov.ar\/prensa\/wp-json\/wp\/v2\/media\/85942"}],"wp:attachment":[{"href":"https:\/\/www.mendoza.gov.ar\/prensa\/wp-json\/wp\/v2\/media?parent=85941"}],"wp:term":[{"taxonomy":"category","embeddable":true,"href":"https:\/\/www.mendoza.gov.ar\/prensa\/wp-json\/wp\/v2\/categories?post=85941"},{"taxonomy":"post_tag","embeddable":true,"href":"https:\/\/www.mendoza.gov.ar\/prensa\/wp-json\/wp\/v2\/tags?post=85941"}],"curies":[{"name":"wp","href":"https:\/\/api.w.org\/{rel}","templated":true}]}}