{"id":85962,"date":"2017-04-06T12:32:31","date_gmt":"2017-04-06T15:32:31","guid":{"rendered":"http:\/\/prensa.mendoza.gov.ar\/?p=85962"},"modified":"2017-04-06T12:32:31","modified_gmt":"2017-04-06T15:32:31","slug":"zlotolow-sera-el-nuevo-subsecretario-de-agricultura","status":"publish","type":"post","link":"https:\/\/www.mendoza.gov.ar\/prensa\/zlotolow-sera-el-nuevo-subsecretario-de-agricultura\/","title":{"rendered":"Zlotolow ser\u00e1 el nuevo subsecretario de Agricultura"},"content":{"rendered":"<!DOCTYPE html PUBLIC \"-\/\/W3C\/\/DTD HTML 4.0 Transitional\/\/EN\" \"http:\/\/www.w3.org\/TR\/REC-html40\/loose.dtd\">\n<html><body><div id=\"m_-5336950004503392496yui_3_16_0_ym19_1_1491479415996_50160\">&nbsp;Con la asunci&oacute;n del ministro Mart&iacute;n Kerchner, se produjo la &uacute;nica modificaci&oacute;n en el gabinete de la cartera econ&oacute;mica. Es que tras la renuncia de Marcelo Japaz a la jefatura de Gabinete, ese lugar ser&aacute; ocupado por Alfredo Aciar, quien dejar&aacute; la Subsecretar&iacute;a de Agricultura y Ganader&iacute;a. El enroque se completar&aacute; con la asunci&oacute;n de Alejandro Zlotolow, quien se desempa&ntilde;aba en Unidad de Financiamiento Internacional (UFI) perteneciente al Ministerio de Hacienda.<\/div>\n<div id=\"m_-5336950004503392496yui_3_16_0_ym19_1_1491479415996_50160\"><\/div>\n<div id=\"m_-5336950004503392496yui_3_16_0_ym19_1_1491479415996_50160\">El nuevo funcionario es licenciado en Administraci&oacute;n y Ciencias Pol&iacute;ticas, egresado de la Universidad Nacional de Cuyo y ocup&oacute; distintos cargos p&uacute;blicos relacionados a desarrollo econ&oacute;mico, empleo, tecnolog&iacute;a y financiamiento.<\/div>\n<div id=\"m_-5336950004503392496yui_3_16_0_ym19_1_1491479415996_50160\"><\/div>\n<div id=\"m_-5336950004503392496yui_3_16_0_ym19_1_1491479415996_50160\">Sus &uacute;ltimas experiencias laborales son:<\/div>\n<div id=\"m_-5336950004503392496yui_3_16_0_ym19_1_1491479415996_50160\"><\/div>\n<div id=\"m_-5336950004503392496yui_3_16_0_ym19_1_1491479415996_78247\">08\/2014 &ndash; 1\/2016 Universidad Nacional de Cuyo, coordinador General del Centro de Informaci&oacute;n y Comunicaci&oacute;n<\/div>\n<div id=\"m_-5336950004503392496yui_3_16_0_ym19_1_1491479415996_78249\"><\/div>\n<div id=\"m_-5336950004503392496yui_3_16_0_ym19_1_1491479415996_78251\">03\/2010 &ndash; 2014 Municipalidad de Godoy Cruz, director de Producci&oacute;n y Empleo<\/div>\n<div id=\"m_-5336950004503392496yui_3_16_0_ym19_1_1491479415996_78253\"><\/div>\n<div id=\"m_-5336950004503392496yui_3_16_0_ym19_1_1491479415996_78255\">07\/2006 &ndash;2010 Municipalidad de Godoy Cruz , jefe de Departamento de Promoci&oacute;n Econ&oacute;mica<\/div>\n<div id=\"m_-5336950004503392496yui_3_16_0_ym19_1_1491479415996_78257\"><\/div>\n<div id=\"m_-5336950004503392496yui_3_16_0_ym19_1_1491479415996_78259\">01\/2005 &ndash; 12\/2005 Ministerio de Gobierno, coordinador del Programa de Gesti&oacute;n para el Ciudadano<\/div>\n<div id=\"m_-5336950004503392496yui_3_16_0_ym19_1_1491479415996_78261\"><\/div>\n<div id=\"m_-5336950004503392496yui_3_16_0_ym19_1_1491479415996_78263\">01\/2001 &ndash;2004 Ministerio de Hacienda, coordinador del &Aacute;rea T&eacute;cnica de la Unidad Ejecutora Provincial<\/div>\n<\/body><\/html>\n","protected":false},"excerpt":{"rendered":"Reemplazar\u00e1 a Alfredo Aciar, quien asumir\u00e1 como Jefe de Gabinete del Ministerio de Econom\u00eda, Infraestructura y Energ\u00eda tras la salida de Marcelo Japaz.","protected":false},"author":2,"featured_media":85964,"comment_status":"open","ping_status":"open","sticky":false,"template":"","format":"standard","meta":[],"categories":[1],"tags":[],"_links":{"self":[{"href":"https:\/\/www.mendoza.gov.ar\/prensa\/wp-json\/wp\/v2\/posts\/85962"}],"collection":[{"href":"https:\/\/www.mendoza.gov.ar\/prensa\/wp-json\/wp\/v2\/posts"}],"about":[{"href":"https:\/\/www.mendoza.gov.ar\/prensa\/wp-json\/wp\/v2\/types\/post"}],"author":[{"embeddable":true,"href":"https:\/\/www.mendoza.gov.ar\/prensa\/wp-json\/wp\/v2\/users\/2"}],"replies":[{"embeddable":true,"href":"https:\/\/www.mendoza.gov.ar\/prensa\/wp-json\/wp\/v2\/comments?post=85962"}],"version-history":[{"count":0,"href":"https:\/\/www.mendoza.gov.ar\/prensa\/wp-json\/wp\/v2\/posts\/85962\/revisions"}],"wp:featuredmedia":[{"embeddable":true,"href":"https:\/\/www.mendoza.gov.ar\/prensa\/wp-json\/wp\/v2\/media\/85964"}],"wp:attachment":[{"href":"https:\/\/www.mendoza.gov.ar\/prensa\/wp-json\/wp\/v2\/media?parent=85962"}],"wp:term":[{"taxonomy":"category","embeddable":true,"href":"https:\/\/www.mendoza.gov.ar\/prensa\/wp-json\/wp\/v2\/categories?post=85962"},{"taxonomy":"post_tag","embeddable":true,"href":"https:\/\/www.mendoza.gov.ar\/prensa\/wp-json\/wp\/v2\/tags?post=85962"}],"curies":[{"name":"wp","href":"https:\/\/api.w.org\/{rel}","templated":true}]}}