{"id":86032,"date":"2017-04-07T08:44:09","date_gmt":"2017-04-07T11:44:09","guid":{"rendered":"http:\/\/prensa.mendoza.gov.ar\/?p=86032"},"modified":"2017-04-07T08:44:09","modified_gmt":"2017-04-07T11:44:09","slug":"por-que-necesitamos-actividad-fisica","status":"publish","type":"post","link":"https:\/\/www.mendoza.gov.ar\/prensa\/por-que-necesitamos-actividad-fisica\/","title":{"rendered":"\u00bfPor qu\u00e9 necesitamos actividad f\u00edsica?"},"content":{"rendered":"<!DOCTYPE html PUBLIC \"-\/\/W3C\/\/DTD HTML 4.0 Transitional\/\/EN\" \"http:\/\/www.w3.org\/TR\/REC-html40\/loose.dtd\">\n<html><body><div id=\"m_7431007490791907217yui_3_16_0_ym19_1_1491504692901_11703\" dir=\"ltr\">Desde la Obra Social de Empleados P&uacute;blicos (OSEP) propiciamos la actividad f&iacute;sica, espec&iacute;ficamente con los pacientes del programa Cr&oacute;nicos. La finalidad es aliviar el problema y prevenir la aparici&oacute;n de otras patolog&iacute;as asociadas a la de base. Se trabaja en el desarrollo de la capacidad f&iacute;sica y la toma de conciencia sobre la importancia del ejercicio en la calidad de vida.<\/div>\n<div id=\"m_7431007490791907217yui_3_16_0_ym19_1_1491504692901_7912\" dir=\"ltr\"><\/div>\n<div id=\"m_7431007490791907217yui_3_16_0_ym19_1_1491504692901_7911\" dir=\"ltr\">Las clases son grupales y favorecen la movilidad y flexibilidad. Para sumarse, los afiliados deben primero solicitar su admisi&oacute;n en el Programa de Gesti&oacute;n Cl&iacute;nica para Pacientes Cr&oacute;nicos y luego ser derivados por un profesional.<\/div>\n<div id=\"m_7431007490791907217yui_3_16_0_ym19_1_1491504692901_11706\" dir=\"ltr\"><\/div>\n<div dir=\"ltr\"><strong>Lo articular y muscular<\/strong><\/div>\n<div id=\"m_7431007490791907217yui_3_16_0_ym19_1_1491504692901_7910\" dir=\"ltr\"><\/div>\n<div id=\"m_7431007490791907217yui_3_16_0_ym19_1_1491504692901_7909\" dir=\"ltr\">&ldquo;El trabajo muscular y articular es muy importante. Este tipo de ejercicios tonifica el m&uacute;sculo y le otorga mayor resistencia, lo que produce mayor equilibrio y fuerza para el desarrollo de las actividades diarias&rdquo;, comenta el profesor Mariano Basigalup.<\/div>\n<div dir=\"ltr\"><\/div>\n<div id=\"m_7431007490791907217yui_3_16_0_ym19_1_1491504692901_7908\" dir=\"ltr\">Hoy, este tipo de entrenamiento comienza a ser prioritario para los m&eacute;dicos como m&eacute;todo de prevenci&oacute;n de enfermedades y, tambi&eacute;n, como ayuda a la hora de bajar la ingesta de medicamentos y dolores. Adem&aacute;s, en los adultos mayores aporta beneficios socio-recreativos porque establecen una rica cadena de comunicaci&oacute;n y contenci&oacute;n.<\/div>\n<div dir=\"ltr\"><\/div>\n<div id=\"m_7431007490791907217yui_3_16_0_ym19_1_1491504692901_7907\" dir=\"ltr\"><strong>Otras actividades f&iacute;sicas<\/strong><\/div>\n<div dir=\"ltr\"><\/div>\n<div id=\"m_7431007490791907217yui_3_16_0_ym19_1_1491504692901_7906\" dir=\"ltr\">En Salud + Recreaci&oacute;n, adem&aacute;s de las tareas en gimnasio, los profesionales tienen una activa participaci&oacute;n en distintos talleres preventivos para los afiliados.<\/div>\n<div id=\"m_7431007490791907217yui_3_16_0_ym19_1_1491504692901_7905\" dir=\"ltr\"><\/div>\n<div id=\"m_7431007490791907217yui_3_16_0_ym19_1_1491504692901_7904\" dir=\"ltr\">Marcha y Ca&iacute;da: los martes asisten personas que han sufrido ca&iacute;das y reciben una reeducaci&oacute;n en la marcha. Fortalecen los m&uacute;sculos y se les ense&ntilde;a c&oacute;mo movilizarse. Se les brindan consejos para que manejen la rutina.<\/div>\n<div dir=\"ltr\"><\/div>\n<div dir=\"ltr\">Preparaci&oacute;n Integral para la Maternidad, para mayores y adolescentes. Actividad f&iacute;sica para embarazadas. Se les ense&ntilde;a a respirar y trabajar los m&uacute;sculos que intervendr&aacute;n en el trabajo de parto.<\/div>\n<div dir=\"ltr\"><\/div>\n<div id=\"m_7431007490791907217yui_3_16_0_ym19_1_1491504692901_7891\" dir=\"ltr\">H&aacute;bitos Saludables, Diabetes y Artrosis. Se utiliza la gimnasia como m&eacute;todo preventivo, para recuperar funciones corporales. Son el disparador para sentirse bien y aumentar la calidad de vida.<\/div>\n<div id=\"m_7431007490791907217yui_3_16_0_ym19_1_1491504692901_7890\" dir=\"ltr\"><\/div>\n<div id=\"m_7431007490791907217yui_3_16_0_ym19_1_1491504692901_7889\" dir=\"ltr\"><strong>Datos y cifras<\/strong><\/div>\n<div dir=\"ltr\"><\/div>\n<div id=\"m_7431007490791907217yui_3_16_0_ym19_1_1491504692901_7892\" dir=\"ltr\">La inactividad f&iacute;sica es uno de los principales factores de riesgo de mortalidad en el mundo.<\/div>\n<div dir=\"ltr\">Uno de cada 4 adultos y m&aacute;s del 80% de los adolescentes a nivel mundial no desarrollan suficiente actividad f&iacute;sica.<\/div>\n<div id=\"m_7431007490791907217yui_3_16_0_ym19_1_1491504692901_7893\" dir=\"ltr\"><\/div>\n<div dir=\"ltr\"><strong>La actividad f&iacute;sica regular y en niveles adecuados<\/strong><\/div>\n<div id=\"m_7431007490791907217yui_3_16_0_ym19_1_1491504692901_7894\" dir=\"ltr\"><\/div>\n<div dir=\"ltr\">Mejora el estado muscular y cardiorrespiratorio, la salud &oacute;sea y funcional.<\/div>\n<div dir=\"ltr\">Reduce el riesgo de hipertensi&oacute;n, cardiopat&iacute;a coronaria, accidente cerebrovascular, diabetes, diferentes tipos de c&aacute;ncer (como el c&aacute;ncer de mama y colon) y depresi&oacute;n.<\/div>\n<div dir=\"ltr\"><\/div>\n<div id=\"m_7431007490791907217yui_3_16_0_ym19_1_1491504692901_7895\" dir=\"ltr\">Disminuye el riesgo de ca&iacute;das y de fracturas vertebrales o de cadera. Es fundamental para el equilibrio energ&eacute;tico y el control de peso.<\/div>\n<div dir=\"ltr\"><\/div>\n<div dir=\"ltr\">Salud + Recreaci&oacute;n es un programa que apunta a la prevenci&oacute;n de enfermedades y a recuperar al bienestar general.<\/div>\n<div dir=\"ltr\"><\/div>\n<div dir=\"ltr\"><a href=\"https:\/\/mail.google.com\/mail\/u\/1\/#inbox\/15b44aa246f83dec?projector=1\">Video<\/a><\/div>\n<\/body><\/html>\n","protected":false},"excerpt":{"rendered":"El programa preventivo Salud + Recreaci\u00f3n de la OSEP asiste a los afiliados durante la enfermedad. Adem\u00e1s, ofrece numerosas iniciativas para la prevenci\u00f3n. Una de las herramientas\u00a0es la actividad f\u00edsica. Diego Masrur y Mariano Basigalup son los responsables.","protected":false},"author":2,"featured_media":86035,"comment_status":"open","ping_status":"open","sticky":false,"template":"","format":"standard","meta":[],"categories":[30],"tags":[],"_links":{"self":[{"href":"https:\/\/www.mendoza.gov.ar\/prensa\/wp-json\/wp\/v2\/posts\/86032"}],"collection":[{"href":"https:\/\/www.mendoza.gov.ar\/prensa\/wp-json\/wp\/v2\/posts"}],"about":[{"href":"https:\/\/www.mendoza.gov.ar\/prensa\/wp-json\/wp\/v2\/types\/post"}],"author":[{"embeddable":true,"href":"https:\/\/www.mendoza.gov.ar\/prensa\/wp-json\/wp\/v2\/users\/2"}],"replies":[{"embeddable":true,"href":"https:\/\/www.mendoza.gov.ar\/prensa\/wp-json\/wp\/v2\/comments?post=86032"}],"version-history":[{"count":0,"href":"https:\/\/www.mendoza.gov.ar\/prensa\/wp-json\/wp\/v2\/posts\/86032\/revisions"}],"wp:featuredmedia":[{"embeddable":true,"href":"https:\/\/www.mendoza.gov.ar\/prensa\/wp-json\/wp\/v2\/media\/86035"}],"wp:attachment":[{"href":"https:\/\/www.mendoza.gov.ar\/prensa\/wp-json\/wp\/v2\/media?parent=86032"}],"wp:term":[{"taxonomy":"category","embeddable":true,"href":"https:\/\/www.mendoza.gov.ar\/prensa\/wp-json\/wp\/v2\/categories?post=86032"},{"taxonomy":"post_tag","embeddable":true,"href":"https:\/\/www.mendoza.gov.ar\/prensa\/wp-json\/wp\/v2\/tags?post=86032"}],"curies":[{"name":"wp","href":"https:\/\/api.w.org\/{rel}","templated":true}]}}