{"id":86202,"date":"2017-04-08T16:40:43","date_gmt":"2017-04-08T19:40:43","guid":{"rendered":"http:\/\/prensa.mendoza.gov.ar\/?p=86202"},"modified":"2017-04-08T16:40:43","modified_gmt":"2017-04-08T19:40:43","slug":"homenaje-al-personal-de-osep-que-estuvo-en-malvinas","status":"publish","type":"post","link":"https:\/\/www.mendoza.gov.ar\/prensa\/homenaje-al-personal-de-osep-que-estuvo-en-malvinas\/","title":{"rendered":"Homenaje al personal de OSEP que estuvo en Malvinas"},"content":{"rendered":"<!DOCTYPE html PUBLIC \"-\/\/W3C\/\/DTD HTML 4.0 Transitional\/\/EN\" \"http:\/\/www.w3.org\/TR\/REC-html40\/loose.dtd\">\n<html><body><div id=\"m_1927094713322855142yui_3_16_0_ym19_1_1491587517195_8525\" class=\"m_1927094713322855142yiv8634295787western\"><\/div>\n<div id=\"m_1927094713322855142yui_3_16_0_ym19_1_1491587517195_8534\" class=\"m_1927094713322855142yiv8634295787western\">El titular de la Obra Social de Empleados P&uacute;blicos (OSEP), Sergio Vergara, se reuni&oacute; con cinco trabajadores de la obra social que de forma directa o indirecta participaron en la guerra de Malvinas. El grupo estuvo constituido por Carlos D&iacute;az, Alejandro Motilla, Orlando Corradi, Osvaldo Azcurra y Blas Boiza.<\/div>\n<div id=\"m_1927094713322855142yui_3_16_0_ym19_1_1491587517195_8553\" class=\"m_1927094713322855142yiv8634295787western\"><\/div>\n<div id=\"m_1927094713322855142yui_3_16_0_ym19_1_1491587517195_8552\" class=\"m_1927094713322855142yiv8634295787western\"><span id=\"m_1927094713322855142yui_3_16_0_ym19_1_1491587517195_8557\"><span id=\"m_1927094713322855142yui_3_16_0_ym19_1_1491587517195_8556\"><span id=\"m_1927094713322855142yui_3_16_0_ym19_1_1491587517195_8555\"><span id=\"m_1927094713322855142yui_3_16_0_ym19_1_1491587517195_8554\">Tras cumplirse el trig&eacute;simo quinto aniversario de la guerra, el encuentro con excombatientes fue oportuno para escuchar los relatos y vivencias de cada uno.<\/span><\/span><\/span><\/span><\/div>\n<div class=\"m_1927094713322855142yiv8634295787western\"><\/div>\n<div id=\"m_1927094713322855142yui_3_16_0_ym19_1_1491587517195_8545\" class=\"m_1927094713322855142yiv8634295787western\"><span id=\"m_1927094713322855142yui_3_16_0_ym19_1_1491587517195_8544\"><span id=\"m_1927094713322855142yui_3_16_0_ym19_1_1491587517195_8543\"><span id=\"m_1927094713322855142yui_3_16_0_ym19_1_1491587517195_8542\"><span id=\"m_1927094713322855142yui_3_16_0_ym19_1_1491587517195_8541\">Con emoci&oacute;n y l&aacute;grimas, los trabajadores de la obra social coincidieron que esta fecha la recuerdan y la dedican especialmente a los 649 argentinos que murieron y a sus familias. Lo consideraron un hecho muy importante en sus vidas, pero destacaron que el proceso que pasaron las familias que perdieron a un hijo, un padre o un t&iacute;o, fue a&uacute;n m&aacute;s doloroso que el de ellos.<\/span><\/span><\/span><\/span><\/div>\n<div id=\"m_1927094713322855142yui_3_16_0_ym19_1_1491587517195_8546\" class=\"m_1927094713322855142yiv8634295787western\"><\/div>\n<div id=\"m_1927094713322855142yui_3_16_0_ym19_1_1491587517195_8551\" class=\"m_1927094713322855142yiv8634295787western\"><span id=\"m_1927094713322855142yui_3_16_0_ym19_1_1491587517195_8550\"><span id=\"m_1927094713322855142yui_3_16_0_ym19_1_1491587517195_8549\"><span id=\"m_1927094713322855142yui_3_16_0_ym19_1_1491587517195_8548\"><span id=\"m_1927094713322855142yui_3_16_0_ym19_1_1491587517195_8547\">En el encuentro tambi&eacute;n estuvo presente Gustavo Cutuli, director de Servicios Administrativos de la obra social, quien sorprendi&oacute; gratamente a los homenajeados con un archivo hist&oacute;rico realizado por &eacute;l, a los 15 a&ntilde;os de edad. En su carpeta escolar, registr&oacute; d&iacute;a a d&iacute;a lo que iba sucediendo en 1982 desde que comenz&oacute; el conflicto b&eacute;lico hasta la derrota, con recortes de diarios de la &eacute;poca y escritos que describ&iacute;an los acontecimientos de ese a&ntilde;o.&nbsp;<\/span><\/span><\/span><\/span>Los trabajadores mostraron su agradecimiento por ese trabajo de recopilaci&oacute;n, que para ellos es muy valioso.<\/div>\n<div id=\"m_1927094713322855142yui_3_16_0_ym19_1_1491587517195_8675\" class=\"m_1927094713322855142yiv8634295787western\"><\/div>\n<div id=\"m_1927094713322855142yui_3_16_0_ym19_1_1491587517195_8674\" class=\"m_1927094713322855142yiv8634295787western\"><span id=\"m_1927094713322855142yui_3_16_0_ym19_1_1491587517195_8673\"><span id=\"m_1927094713322855142yui_3_16_0_ym19_1_1491587517195_8672\"><span id=\"m_1927094713322855142yui_3_16_0_ym19_1_1491587517195_8671\"><span id=\"m_1927094713322855142yui_3_16_0_ym19_1_1491587517195_8670\">Vergara, por su parte, destac&oacute; el valor de estos hombres y manifest&oacute; la necesidad de continuar con el apoyo y asistencia al grupo. &ldquo;Muchos han tenido la contenci&oacute;n familiar y asistencial para salir adelante, pero el hecho los marca de por vida, por lo que algunos podr&iacute;an requerir de mayor contenci&oacute;n&rdquo;, dijo.<\/span><\/span><\/span><\/span><\/div>\n<\/body><\/html>\n","protected":false},"excerpt":{"rendered":"Con motivo de conmemorarse el 2 de abril el \u201cD\u00eda del Veterano y de los Ca\u00eddos en la Guerra de Malvinas\u201d, el director general de OSEP, Sergio Vergara, comparti\u00f3 un emotivo encuentro con trabajadores de la obra social que tuvieron participaci\u00f3n en Malvinas. Juntos recordaron ese cap\u00edtulo heroico de todos los combatientes.","protected":false},"author":2,"featured_media":86203,"comment_status":"open","ping_status":"open","sticky":false,"template":"","format":"standard","meta":[],"categories":[30],"tags":[],"_links":{"self":[{"href":"https:\/\/www.mendoza.gov.ar\/prensa\/wp-json\/wp\/v2\/posts\/86202"}],"collection":[{"href":"https:\/\/www.mendoza.gov.ar\/prensa\/wp-json\/wp\/v2\/posts"}],"about":[{"href":"https:\/\/www.mendoza.gov.ar\/prensa\/wp-json\/wp\/v2\/types\/post"}],"author":[{"embeddable":true,"href":"https:\/\/www.mendoza.gov.ar\/prensa\/wp-json\/wp\/v2\/users\/2"}],"replies":[{"embeddable":true,"href":"https:\/\/www.mendoza.gov.ar\/prensa\/wp-json\/wp\/v2\/comments?post=86202"}],"version-history":[{"count":0,"href":"https:\/\/www.mendoza.gov.ar\/prensa\/wp-json\/wp\/v2\/posts\/86202\/revisions"}],"wp:featuredmedia":[{"embeddable":true,"href":"https:\/\/www.mendoza.gov.ar\/prensa\/wp-json\/wp\/v2\/media\/86203"}],"wp:attachment":[{"href":"https:\/\/www.mendoza.gov.ar\/prensa\/wp-json\/wp\/v2\/media?parent=86202"}],"wp:term":[{"taxonomy":"category","embeddable":true,"href":"https:\/\/www.mendoza.gov.ar\/prensa\/wp-json\/wp\/v2\/categories?post=86202"},{"taxonomy":"post_tag","embeddable":true,"href":"https:\/\/www.mendoza.gov.ar\/prensa\/wp-json\/wp\/v2\/tags?post=86202"}],"curies":[{"name":"wp","href":"https:\/\/api.w.org\/{rel}","templated":true}]}}