{"id":86237,"date":"2017-04-08T20:21:21","date_gmt":"2017-04-08T23:21:21","guid":{"rendered":"http:\/\/prensa.mendoza.gov.ar\/?p=86237"},"modified":"2017-04-08T20:21:21","modified_gmt":"2017-04-08T23:21:21","slug":"se-combatieron-tormentas-graniceras-en-el-sur-y-valle-de-uco","status":"publish","type":"post","link":"https:\/\/www.mendoza.gov.ar\/prensa\/se-combatieron-tormentas-graniceras-en-el-sur-y-valle-de-uco\/","title":{"rendered":"Se combatieron tormentas graniceras en el Sur y Valle de Uco"},"content":{"rendered":"<!DOCTYPE html PUBLIC \"-\/\/W3C\/\/DTD HTML 4.0 Transitional\/\/EN\" \"http:\/\/www.w3.org\/TR\/REC-html40\/loose.dtd\">\n<html><body><p>Las operaciones del Sistema Integral de Lucha antigranizo cubrieron el Valle de Uco y el oasis Sur en la jornada del viernes 7. Las tormentas que amenazaron las &aacute;reas productivas generaron lluvias moderadas a intensas.<\/p>\n<p>En el Valle de Uco, el Sistema actu&oacute; tres horas con la red de generadores de superficie. All&iacute; se observaron lluvias en zonas cultivadas de Tunuy&aacute;n, en Vista Flores y Agua Amarga,&nbsp;y&nbsp;de&nbsp;San Carlos, en Pareditas, Altamira, Chilecito, Tres Esquinas, La Consulta, Eugenio Bustos, y Villa San Carlos.<\/p>\n<p>Adem&aacute;s, se registr&oacute; lluvia en el campo de San Carlos (oeste de la Consulta y Pareditas, este San Carlos), Tunuy&aacute;n (oeste de Vista Flores, oeste de Los &Aacute;rboles y oeste de Campo Los Andes) y Tupungato (La Carrera).<\/p>\n<p>En el oasis Sur, donde se trabaj&oacute; con vuelos de siembra, se registraron lluvias d&eacute;biles en las zonas de cultivo de los tres departamentos y lluvias fuertes en el campo de San Rafael: norte de Cuadro Benegas y noreste de Monte Com&aacute;n.<\/p>\n<p>En el Este solamente se detectaron lluvias en superficies sin cultivar de Santa Rosa (norte y este de &Ntilde;acu&ntilde;&aacute;n), La Paz (sur, y este de La Paz y Desaguadero).<\/p>\n<p>El pron&oacute;stico de la Direcci&oacute;n de Agricultura y Contingencias Clim&aacute;ticas se&ntilde;ala para este s&aacute;bado nubosidad baja, &aacute;reas de lluvias con un temperatura m&aacute;xima de 17&deg;C. En tanto, para el domingo se espera cielo parcialmente nublado con poco cambio de la temperatura, inestable en la ma&ntilde;ana con precipitaciones y nevadas en cordillera; posibilidades de mejoras por la tarde, con una m&aacute;xima de 18&deg;C.<\/p>\n<\/body><\/html>\n","protected":false},"excerpt":{"rendered":"Se observaron lluvias en gran parte del territorio provincial. El pron\u00f3stico para hoy indica \u00e1reas de lluvia y fr\u00edo.","protected":false},"author":2,"featured_media":86238,"comment_status":"open","ping_status":"open","sticky":false,"template":"","format":"standard","meta":[],"categories":[1],"tags":[],"_links":{"self":[{"href":"https:\/\/www.mendoza.gov.ar\/prensa\/wp-json\/wp\/v2\/posts\/86237"}],"collection":[{"href":"https:\/\/www.mendoza.gov.ar\/prensa\/wp-json\/wp\/v2\/posts"}],"about":[{"href":"https:\/\/www.mendoza.gov.ar\/prensa\/wp-json\/wp\/v2\/types\/post"}],"author":[{"embeddable":true,"href":"https:\/\/www.mendoza.gov.ar\/prensa\/wp-json\/wp\/v2\/users\/2"}],"replies":[{"embeddable":true,"href":"https:\/\/www.mendoza.gov.ar\/prensa\/wp-json\/wp\/v2\/comments?post=86237"}],"version-history":[{"count":0,"href":"https:\/\/www.mendoza.gov.ar\/prensa\/wp-json\/wp\/v2\/posts\/86237\/revisions"}],"wp:featuredmedia":[{"embeddable":true,"href":"https:\/\/www.mendoza.gov.ar\/prensa\/wp-json\/wp\/v2\/media\/86238"}],"wp:attachment":[{"href":"https:\/\/www.mendoza.gov.ar\/prensa\/wp-json\/wp\/v2\/media?parent=86237"}],"wp:term":[{"taxonomy":"category","embeddable":true,"href":"https:\/\/www.mendoza.gov.ar\/prensa\/wp-json\/wp\/v2\/categories?post=86237"},{"taxonomy":"post_tag","embeddable":true,"href":"https:\/\/www.mendoza.gov.ar\/prensa\/wp-json\/wp\/v2\/tags?post=86237"}],"curies":[{"name":"wp","href":"https:\/\/api.w.org\/{rel}","templated":true}]}}