{"id":86332,"date":"2017-04-10T12:36:05","date_gmt":"2017-04-10T15:36:05","guid":{"rendered":"http:\/\/prensa.mendoza.gov.ar\/?p=86332"},"modified":"2017-04-10T12:36:05","modified_gmt":"2017-04-10T15:36:05","slug":"transporte-publico-desvios-para-semana-santa","status":"publish","type":"post","link":"https:\/\/www.mendoza.gov.ar\/prensa\/transporte-publico-desvios-para-semana-santa\/","title":{"rendered":"Transporte p\u00fablico: desv\u00edos para Semana Santa"},"content":{"rendered":"<!DOCTYPE html PUBLIC \"-\/\/W3C\/\/DTD HTML 4.0 Transitional\/\/EN\" \"http:\/\/www.w3.org\/TR\/REC-html40\/loose.dtd\">\n<html><body><p>Esta Semana Santa se llevar&aacute;n a cabo, como todos los a&ntilde;os, las diferentes actividades religiosas en el Calvario.<\/p>\n<p>Es por ello que desde el jueves 13, a partir de las 10 de la ma&ntilde;ana&nbsp;y hasta las 24 del viernes habr&aacute; desv&iacute;os en los recorridos de los siguientes servicios de transporte:<\/p>\n<ul>\n<li>&nbsp;Grupo 1. L&iacute;neas 12\/15: San Mart&iacute;n, Juan Jos&eacute; Paso, Quito, Laprida, &Aacute;lzaga, Ugarte.<\/li>\n<li>Grupo 1. L&iacute;nea 17: Perito Moreno, Ugarte, &Aacute;lzaga, Laprida, Quito, Juan Jos&eacute; Paso.<\/li>\n<li>Grupo 1. L&iacute;nea 19. Grupo 850: San Mart&iacute;n, Juan Jos&eacute; Paso, Rodr&iacute;guez, Morales, Rawson, Cervantes.<\/li>\n<\/ul>\n<p><strong>Contin&uacute;an los desv&iacute;os por obras<\/strong><\/p>\n<p>Los municipios han comenzado un plan de renovaci&oacute;n de calles y avenidas en diferentes puntos del Gran Mendoza. Actualmente se est&aacute;n llevando a cabo los siguientes trabajos en:<\/p>\n<p><strong>Guaymall&eacute;n:&nbsp;<\/strong>Calle Saavedra.<\/p>\n<p><strong>Ciudad de Mendoza<\/strong><\/p>\n<ul>\n<li>Calle Ar&iacute;stides Villanueva.<\/li>\n<li>Obra Reconstrucci&oacute;n de 25 de Mayo entre Montevideo y Col&oacute;n y San Lorenzo&nbsp;entre Per&uacute; y Chile.<\/li>\n<li>Obra Av. Espa&ntilde;a entre Guti&eacute;rrez y Necochea.<\/li>\n<li>Obra Corrientes entre San Mart&iacute;n e Ituzaing&oacute;.<\/li>\n<\/ul>\n<p><strong>Las Heras<\/strong><\/p>\n<p>Calle N&deg; 5 entre Alfredo Bufano y Matheu.<\/p>\n<p><strong>Maip&uacute;<\/strong><\/p>\n<p>Calle Pescara entre Mitre y Sarmiento.<\/p>\n<p>Para que los usuarios puedan conocer en tiempo real cu&aacute;les son las l&iacute;neas afectadas y los recorridos que se est&aacute;n realizando, el Gobierno de Mendoza creo una p&aacute;gina en Facebook &ldquo;Mi Recorrido&rdquo;:(<a href=\"https:\/\/www.facebook.com\/MiRecorrido\/\">https:\/\/www.facebook.com\/MiRecorrido\/<\/a>), que contiene toda la informaci&oacute;n necesaria para trasladarse en el microcentro sin inconvenientes.<\/p>\n<\/body><\/html>\n","protected":false},"excerpt":{"rendered":"Desde las 10 del jueves 13 hasta las 24 del viernes 14, se modificar\u00e1 el recorrido de algunas l\u00edneas que circulan por las inmediaciones del Calvario. Tambi\u00e9n contin\u00faan vigentes los desv\u00edos, por diferentes obras, en el Gran Mendoza.","protected":false},"author":2,"featured_media":86333,"comment_status":"open","ping_status":"open","sticky":false,"template":"","format":"standard","meta":[],"categories":[34],"tags":[],"_links":{"self":[{"href":"https:\/\/www.mendoza.gov.ar\/prensa\/wp-json\/wp\/v2\/posts\/86332"}],"collection":[{"href":"https:\/\/www.mendoza.gov.ar\/prensa\/wp-json\/wp\/v2\/posts"}],"about":[{"href":"https:\/\/www.mendoza.gov.ar\/prensa\/wp-json\/wp\/v2\/types\/post"}],"author":[{"embeddable":true,"href":"https:\/\/www.mendoza.gov.ar\/prensa\/wp-json\/wp\/v2\/users\/2"}],"replies":[{"embeddable":true,"href":"https:\/\/www.mendoza.gov.ar\/prensa\/wp-json\/wp\/v2\/comments?post=86332"}],"version-history":[{"count":0,"href":"https:\/\/www.mendoza.gov.ar\/prensa\/wp-json\/wp\/v2\/posts\/86332\/revisions"}],"wp:featuredmedia":[{"embeddable":true,"href":"https:\/\/www.mendoza.gov.ar\/prensa\/wp-json\/wp\/v2\/media\/86333"}],"wp:attachment":[{"href":"https:\/\/www.mendoza.gov.ar\/prensa\/wp-json\/wp\/v2\/media?parent=86332"}],"wp:term":[{"taxonomy":"category","embeddable":true,"href":"https:\/\/www.mendoza.gov.ar\/prensa\/wp-json\/wp\/v2\/categories?post=86332"},{"taxonomy":"post_tag","embeddable":true,"href":"https:\/\/www.mendoza.gov.ar\/prensa\/wp-json\/wp\/v2\/tags?post=86332"}],"curies":[{"name":"wp","href":"https:\/\/api.w.org\/{rel}","templated":true}]}}