{"id":86524,"date":"2017-04-12T10:01:07","date_gmt":"2017-04-12T13:01:07","guid":{"rendered":"http:\/\/prensa.mendoza.gov.ar\/?p=86524"},"modified":"2017-04-12T10:01:07","modified_gmt":"2017-04-12T13:01:07","slug":"transporte-informa-la-prestacion-de-servicios-durante-semana-santa","status":"publish","type":"post","link":"https:\/\/www.mendoza.gov.ar\/prensa\/transporte-informa-la-prestacion-de-servicios-durante-semana-santa\/","title":{"rendered":"Transporte informa la prestaci\u00f3n de servicios durante Semana Santa"},"content":{"rendered":"<!DOCTYPE html PUBLIC \"-\/\/W3C\/\/DTD HTML 4.0 Transitional\/\/EN\" \"http:\/\/www.w3.org\/TR\/REC-html40\/loose.dtd\">\n<html><body><p>El servicio p&uacute;blico de transporte, que abarca a colectivos del &aacute;rea urbana y media y larga distancia, trole y metrotranv&iacute;a, funcionar&aacute; durante la Semana Santa de la siguiente manera:<\/p>\n<ul>\n<li>Jueves Santo: con frecuencias de s&aacute;bado.<\/li>\n<li>Viernes Santo: con frecuencias de domingo.<\/li>\n<li>S&aacute;bado y domingo: frecuencias normales correspondientes a fin de semana.<\/li>\n<\/ul>\n<p>Por otro lado, en la zona del Calvario se producir&aacute;n desv&iacute;os a partir de las 10 de la ma&ntilde;ana del jueves 13 hasta las 24 del viernes, ya que habr&aacute; cortes desde el carril Cervantes hasta las calles Juan Jos&eacute; Paso y San Mart&iacute;n.<\/p>\n<ul>\n<li><strong>Grupo 1. L&iacute;nea 12 y 15:<\/strong> San Mart&iacute;n, Juan Jos&eacute; Paso, Quito, Laprida, &Aacute;lzaga, Ugarte.<\/li>\n<li><strong>Grupo 1. L&iacute;nea 17:<\/strong> Perito Moreno, Ugarte, &Aacute;lzaga, Laprida, Quito, Juan Jos&eacute; Paso.<\/li>\n<li><strong>Grupo 1. L&iacute;nea 19. Grupo 850:<\/strong> San Mart&iacute;n, Juan Jos&eacute; Paso, Rodr&iacute;guez, Morales, Rawson, Cervantes.<\/li>\n<\/ul>\n<\/body><\/html>\n","protected":false},"excerpt":{"rendered":"Habr\u00e1 disminuci\u00f3n en las frecuencias y desv\u00edos en las cercan\u00edas al Calvario.","protected":false},"author":2,"featured_media":86525,"comment_status":"open","ping_status":"open","sticky":false,"template":"","format":"standard","meta":[],"categories":[34],"tags":[],"_links":{"self":[{"href":"https:\/\/www.mendoza.gov.ar\/prensa\/wp-json\/wp\/v2\/posts\/86524"}],"collection":[{"href":"https:\/\/www.mendoza.gov.ar\/prensa\/wp-json\/wp\/v2\/posts"}],"about":[{"href":"https:\/\/www.mendoza.gov.ar\/prensa\/wp-json\/wp\/v2\/types\/post"}],"author":[{"embeddable":true,"href":"https:\/\/www.mendoza.gov.ar\/prensa\/wp-json\/wp\/v2\/users\/2"}],"replies":[{"embeddable":true,"href":"https:\/\/www.mendoza.gov.ar\/prensa\/wp-json\/wp\/v2\/comments?post=86524"}],"version-history":[{"count":0,"href":"https:\/\/www.mendoza.gov.ar\/prensa\/wp-json\/wp\/v2\/posts\/86524\/revisions"}],"wp:featuredmedia":[{"embeddable":true,"href":"https:\/\/www.mendoza.gov.ar\/prensa\/wp-json\/wp\/v2\/media\/86525"}],"wp:attachment":[{"href":"https:\/\/www.mendoza.gov.ar\/prensa\/wp-json\/wp\/v2\/media?parent=86524"}],"wp:term":[{"taxonomy":"category","embeddable":true,"href":"https:\/\/www.mendoza.gov.ar\/prensa\/wp-json\/wp\/v2\/categories?post=86524"},{"taxonomy":"post_tag","embeddable":true,"href":"https:\/\/www.mendoza.gov.ar\/prensa\/wp-json\/wp\/v2\/tags?post=86524"}],"curies":[{"name":"wp","href":"https:\/\/api.w.org\/{rel}","templated":true}]}}