{"id":86645,"date":"2017-04-16T09:48:36","date_gmt":"2017-04-16T12:48:36","guid":{"rendered":"http:\/\/prensa.mendoza.gov.ar\/?p=86645"},"modified":"2017-04-16T09:48:36","modified_gmt":"2017-04-16T12:48:36","slug":"nuevo-servicio-de-transporte-beneficiara-a-barrios-del-norte-de-la-provincia","status":"publish","type":"post","link":"https:\/\/www.mendoza.gov.ar\/prensa\/nuevo-servicio-de-transporte-beneficiara-a-barrios-del-norte-de-la-provincia\/","title":{"rendered":"Nuevo servicio de transporte beneficiar\u00e1 a barrios del Norte de la provincia"},"content":{"rendered":"<!DOCTYPE html PUBLIC \"-\/\/W3C\/\/DTD HTML 4.0 Transitional\/\/EN\" \"http:\/\/www.w3.org\/TR\/REC-html40\/loose.dtd\">\n<html><body><p>Surge en respuesta a la demanda que existe en zonas del departamento de Las Heras, que permitir&aacute; conectar al usuario con el Hospital Carrillo y el centro de Mendoza. Es el resultado del trabajo conjunto entre vecinos, el Municipio de Las Heras y la Direcci&oacute;n de Transporte.<\/p>\n<p>El nuevo recorrido beneficiar&aacute; a todos los usuarios de los barrios Minetti, Yapey&uacute;, Matheu, San Miguel y Policial.<\/p>\n<p>A cargo del Grupo 4, se identifica como L&iacute;nea 84 &ldquo;B&deg; Yapey&uacute;-Hospital&nbsp;Carrillo-Centro&rdquo; y tendr&aacute; 11 frecuencias diarias, de lunes a domingos.<\/p>\n<p>El recorrido ser&aacute; el siguiente:&nbsp;Ruta 52 y Granaderos, Entre R&iacute;os, Ayacucho, Bail&eacute;n, Av. San Mart&iacute;n, Dorrego, Olascoaga, Independencia, Lisandro Moyano, Eva Duarte (Callej&oacute;n Morales), Capit&aacute;n V&aacute;zquez, Pedro P. Segura, Lisandro Moyano, Ram&iacute;rez, Jujuy, Ituzaing&oacute;, Beltr&aacute;n, 9 de Julio, Godoy Cruz, Av. San Mart&iacute;n, Corrientes, Montecaseros, Santiago del Estero, Ram&iacute;rez, Lisandro Moyano, Pedro P. Segura, Capit&aacute;n V&aacute;zquez, Eva Duarte (Callej&oacute;n Morales), Lisandro Moyano, Independencia, Olascoaga, Dorrego, Av. San Mart&iacute;n, Bail&eacute;n, Ayacucho, Entre R&iacute;os, Granaderos y Ruta 52.<\/p>\n<p><strong>M&aacute;s servicios y frecuencias<\/strong><\/p>\n<p>En 2016, la Direcci&oacute;n de Transporte trabaj&oacute; con uniones vecinales de barrios del Gran Mendoza para conocer cu&aacute;les eran las zonas que necesitaban mejoras en la prestaci&oacute;n del servicio.<\/p>\n<p>En ese per&iacute;odo se gestionaron avances para los departamentos de Las Heras, Guaymall&eacute;n, Maip&uacute;, Capital y Godoy Cruz. A continuaci&oacute;n, un detalle de qu&eacute; servicios se pusieron en vigencia:<\/p>\n<ul>\n<li>L&iacute;nea 174 Grupo 10. Se modific&oacute; el recorrido para beneficiar a los barrios Tropero Sosa, M&eacute;xico I y II, Nueva Ciudad y Coquimbito.<\/li>\n<li>L&iacute;nea A-21 &ldquo;Rodeo de la Cruz x Nacional&rdquo;, Grupo 2. Nuevo recorrido para asistir al B&deg; La Favorita, con 16 frecuencias de lunes a viernes.<\/li>\n<li>L&iacute;nea 61 &ldquo;Vandor-Los Barrancos x Segundo Sombra&rdquo;, Grupo 6. Nuevo recorrido, con 19 frecuencias los d&iacute;as h&aacute;biles, 16 para los s&aacute;bados y 11 domingos y feriados que benefici&oacute; a los vecinos del barrio Jard&iacute;n Sarmiento.<\/li>\n<li>L&iacute;nea 63 &ldquo;Independencia-Htal. Lagomaggiore-UNCuyo&rdquo;, Grupo 6. Se modific&oacute; el recorrido para solucionar la falta de transporte en el barrio Soberan&iacute;a Nacional.<\/li>\n<li>L&iacute;nea 73 &ldquo;Expreso Maip&uacute;-R. Pe&ntilde;a-Mendoza&rdquo;, Grupo 10. Benefici&oacute; a los usuarios de calle Necochea.<\/li>\n<li>L&iacute;neas 54 y 55, Grupo 5. Se ampli&oacute; el recorrido de ambas l&iacute;neas para atender la zona comprendida entre las calles Miralles y S&aacute;enz Pe&ntilde;a.<\/li>\n<li>Nuevo servicio &ldquo;Escolar-Mixto&rdquo;, con 3 frecuencias, que benefici&oacute; al B&deg; Las Chacras de Guaymall&eacute;n, que hasta ese momento no ten&iacute;a servicio de transporte.<\/li>\n<li>Incremento de 4 frecuencias diarias para la L&iacute;nea 87 &ldquo;B&deg; Municipal-Los Peluqueros&rdquo;, Grupo 4.<\/li>\n<li>Se incorporaron 16 frecuencias al servicio Troncal &ldquo;G. Cruz-L. Heras&rdquo;, dado que este servicio comenz&oacute; a servir la zona de La Estanzuela.<\/li>\n<li>L&iacute;nea 62 &ldquo;Mathus Hoyos-Htal. Lagomaggiore&rdquo;, Grupo 6. Nuevo recorrido que benefici&oacute; a los barrios Olivares y Flores del Sur, con 10 frecuencias los d&iacute;as h&aacute;biles, 12 los s&aacute;bados y 9 para domingos y feriados.<\/li>\n<li>L&iacute;nea 121 &ldquo;B&deg; Universitario-B&deg; Procrear-B&deg; ATSA-Alsina-9 de Julio-Club IMPSA&rdquo;, Grupo 7. Inaugurado la semana pasada, este nuevo recorrido fue una soluci&oacute;n para&nbsp;la alta demanda de frecuencias en la zona.<\/li>\n<\/ul>\n<\/body><\/html>\n","protected":false},"excerpt":{"rendered":"A partir del lunes 17 de abril, los barrios Minetti, Yapey\u00fa, Matheu, San Miguel y Policial contar\u00e1n con un recorrido que los vincular\u00e1 con el Hospital Carrillo y el centro de Mendoza. A cargo del Grupo 4, se identifica como L\u00ednea 84 \u201cB\u00b0 Yapey\u00fa\u2013Htal. Carrillo\u2013Centro\u201d y tendr\u00e1 141 frecuencias de lunes a domingos.\n\n\u00a0","protected":false},"author":2,"featured_media":86646,"comment_status":"open","ping_status":"open","sticky":false,"template":"","format":"standard","meta":[],"categories":[34],"tags":[],"_links":{"self":[{"href":"https:\/\/www.mendoza.gov.ar\/prensa\/wp-json\/wp\/v2\/posts\/86645"}],"collection":[{"href":"https:\/\/www.mendoza.gov.ar\/prensa\/wp-json\/wp\/v2\/posts"}],"about":[{"href":"https:\/\/www.mendoza.gov.ar\/prensa\/wp-json\/wp\/v2\/types\/post"}],"author":[{"embeddable":true,"href":"https:\/\/www.mendoza.gov.ar\/prensa\/wp-json\/wp\/v2\/users\/2"}],"replies":[{"embeddable":true,"href":"https:\/\/www.mendoza.gov.ar\/prensa\/wp-json\/wp\/v2\/comments?post=86645"}],"version-history":[{"count":0,"href":"https:\/\/www.mendoza.gov.ar\/prensa\/wp-json\/wp\/v2\/posts\/86645\/revisions"}],"wp:featuredmedia":[{"embeddable":true,"href":"https:\/\/www.mendoza.gov.ar\/prensa\/wp-json\/wp\/v2\/media\/86646"}],"wp:attachment":[{"href":"https:\/\/www.mendoza.gov.ar\/prensa\/wp-json\/wp\/v2\/media?parent=86645"}],"wp:term":[{"taxonomy":"category","embeddable":true,"href":"https:\/\/www.mendoza.gov.ar\/prensa\/wp-json\/wp\/v2\/categories?post=86645"},{"taxonomy":"post_tag","embeddable":true,"href":"https:\/\/www.mendoza.gov.ar\/prensa\/wp-json\/wp\/v2\/tags?post=86645"}],"curies":[{"name":"wp","href":"https:\/\/api.w.org\/{rel}","templated":true}]}}