{"id":86962,"date":"2017-04-17T19:18:59","date_gmt":"2017-04-17T22:18:59","guid":{"rendered":"http:\/\/prensa.mendoza.gov.ar\/?p=86962"},"modified":"2017-04-17T19:18:59","modified_gmt":"2017-04-17T22:18:59","slug":"osep-realizara-las-iv-jornadas-de-investigacion","status":"publish","type":"post","link":"https:\/\/www.mendoza.gov.ar\/prensa\/osep-realizara-las-iv-jornadas-de-investigacion\/","title":{"rendered":"OSEP realizar\u00e1 las IV Jornadas de Investigaci\u00f3n"},"content":{"rendered":"<!DOCTYPE html PUBLIC \"-\/\/W3C\/\/DTD HTML 4.0 Transitional\/\/EN\" \"http:\/\/www.w3.org\/TR\/REC-html40\/loose.dtd\">\n<html><body><p>Del 20 al 22 de abril, se desarrollar&aacute;n las&nbsp;&ldquo;IV Jornadas de Investigaci&oacute;n&rdquo;, organizadas por el Comit&eacute; de Docencia e Investigaci&oacute;n de la Obra Social de Empledos P&uacute;blicos (OSEP). Bajo el lema &ldquo;OSEP incentiva el conocimiento&rdquo;, el encuentro se llevar&aacute; a cabo en la Nave Universitaria, Maza 250, Ciudad de Mendoza.<\/p>\n<p>Ser&aacute; el&nbsp;cierre de las actividades de investigaci&oacute;n que se han desarrollado en 2015 y 2016 en la Obra Social de Empleados P&uacute;blicos.&nbsp;En la Nave Universitaria&nbsp;se expondr&aacute;n distintos trabajos desarrollados por profesionales y no profesionales de la salud, referidos a tem&aacute;ticas relacionadas con medicina, odontolog&iacute;a, ciencias sociales, bioqu&iacute;mica, nutrici&oacute;n y audiolog&iacute;a.<\/p>\n<p>Si bien se extender&aacute; desde el jueves hasta el s&aacute;bado, la mesa acad&eacute;mica del encuentro conformada por Sergio Vergara, director general de OSEP, y la doctora Mariana Casta&ntilde;os, directora de Atenci&oacute;n Primaria y presidenta del Comit&eacute; de Docencia e Investigaci&oacute;n, se realizar&aacute; el viernes 21.<\/p>\n<p>El&nbsp;encuentro que estar&aacute; a cargo de profesionales de OSEP y abierto a toda la comunidad.<\/p>\n<p><a href=\"https:\/\/www.mendoza.gov.ar\/prensa\/wp-content\/uploads\/sites\/23\/investigacion.jpg\"><img loading=\"lazy\" class=\"alignnone wp-image-86968 img-responsive center-block\" src=\"https:\/\/www.mendoza.gov.ar\/prensa\/wp-content\/uploads\/sites\/23\/investigacion.jpg\" alt=\"\" width=\"650\" height=\"919\"><\/a><\/p>\n<\/body><\/html>\n","protected":false},"excerpt":{"rendered":"Bajo el lema\u00a0\u201cOSEP incentiva el conocimiento\u201d, del 20 al 22 de abril se realizar\u00e1 esta actividad donde se expondr\u00e1n trabajos desarrollados en 2015 y 2016 en la obra social. Ser\u00e1 en la Nave Universitaria.\u00a0","protected":false},"author":2,"featured_media":0,"comment_status":"open","ping_status":"open","sticky":false,"template":"","format":"standard","meta":[],"categories":[30],"tags":[],"_links":{"self":[{"href":"https:\/\/www.mendoza.gov.ar\/prensa\/wp-json\/wp\/v2\/posts\/86962"}],"collection":[{"href":"https:\/\/www.mendoza.gov.ar\/prensa\/wp-json\/wp\/v2\/posts"}],"about":[{"href":"https:\/\/www.mendoza.gov.ar\/prensa\/wp-json\/wp\/v2\/types\/post"}],"author":[{"embeddable":true,"href":"https:\/\/www.mendoza.gov.ar\/prensa\/wp-json\/wp\/v2\/users\/2"}],"replies":[{"embeddable":true,"href":"https:\/\/www.mendoza.gov.ar\/prensa\/wp-json\/wp\/v2\/comments?post=86962"}],"version-history":[{"count":0,"href":"https:\/\/www.mendoza.gov.ar\/prensa\/wp-json\/wp\/v2\/posts\/86962\/revisions"}],"wp:attachment":[{"href":"https:\/\/www.mendoza.gov.ar\/prensa\/wp-json\/wp\/v2\/media?parent=86962"}],"wp:term":[{"taxonomy":"category","embeddable":true,"href":"https:\/\/www.mendoza.gov.ar\/prensa\/wp-json\/wp\/v2\/categories?post=86962"},{"taxonomy":"post_tag","embeddable":true,"href":"https:\/\/www.mendoza.gov.ar\/prensa\/wp-json\/wp\/v2\/tags?post=86962"}],"curies":[{"name":"wp","href":"https:\/\/api.w.org\/{rel}","templated":true}]}}