{"id":87366,"date":"2017-04-20T16:34:15","date_gmt":"2017-04-20T19:34:15","guid":{"rendered":"http:\/\/prensa.mendoza.gov.ar\/?p=87366"},"modified":"2017-04-20T16:34:15","modified_gmt":"2017-04-20T19:34:15","slug":"nuevos-horarios-para-los-talleres-de-educacion-terapeutica-de-cronicos","status":"publish","type":"post","link":"https:\/\/www.mendoza.gov.ar\/prensa\/nuevos-horarios-para-los-talleres-de-educacion-terapeutica-de-cronicos\/","title":{"rendered":"Nuevos horarios para los talleres de educaci\u00f3n terap\u00e9utica de Cr\u00f3nicos"},"content":{"rendered":"<!DOCTYPE html PUBLIC \"-\/\/W3C\/\/DTD HTML 4.0 Transitional\/\/EN\" \"http:\/\/www.w3.org\/TR\/REC-html40\/loose.dtd\">\n<html><body><p>La Obra Social de Empleados P&uacute;blicos (OSEP) contin&uacute;a con los talleres abiertos a la comunidad. En este caso, la educaci&oacute;n terap&eacute;utica implica, para las personas con enfermedades cr&oacute;nicas, aprender nuevos comportamientos. El paciente participa activamente en el cuidado de su salud, acompa&ntilde;ado por un equipo multidisciplinario de profesionales. Esta metodolog&iacute;a forma parte del tratamiento, mejora la calidad de vida y brinda herramientas para el control de la enfermedad, estimulando el autocuidado.<\/p>\n<p>La idea es que pacientes, familiares, cuidadores o su red social de contenci&oacute;n, adem&aacute;s de los interesados en general, puedan acceder a informaci&oacute;n y educaci&oacute;n sobre las distintas enfermedades cr&oacute;nicas y de esta manera favorecer el proceso de autoconocimiento, adoptar h&aacute;bitos de vida saludable y lograr adhesi&oacute;n al tratamiento.<\/p>\n<p>En general, los talleres son continuos de marzo a diciembre y se dictan tanto en la ma&ntilde;ana como la tarde, para facilitar el acceso. Se trata de cuatro encuentros mensuales y el paciente puede incorporarse en cualquier momento.<\/p>\n<p><strong>Horarios <\/strong><\/p>\n<p>-H&aacute;bitos saludables: martes de &nbsp;16 a 18; viernes de &nbsp;10.30 a 12.30.<\/p>\n<p>-Diabetes: jueves de &nbsp;11 a 13.<\/p>\n<p>-Enfermedades osteoarticulares: desde mayo, los viernes 9 a 10.30.<\/p>\n<p><strong>Inscripciones<\/strong><\/p>\n<p>Secretar&iacute;a de Cr&oacute;nicos, de lunes a viernes de 8 a 20, edificio Xeltahuina, Salta 877, Ciudad. Tel&eacute;fono 0261 4419237.<\/p>\n<\/body><\/html>\n","protected":false},"excerpt":{"rendered":"Las reuniones, abiertas a la comunidad, se realizan todas las semanas en el edificio Xeltahuina, Salta 877 de Ciudad. ","protected":false},"author":2,"featured_media":87368,"comment_status":"open","ping_status":"open","sticky":false,"template":"","format":"standard","meta":[],"categories":[30],"tags":[],"_links":{"self":[{"href":"https:\/\/www.mendoza.gov.ar\/prensa\/wp-json\/wp\/v2\/posts\/87366"}],"collection":[{"href":"https:\/\/www.mendoza.gov.ar\/prensa\/wp-json\/wp\/v2\/posts"}],"about":[{"href":"https:\/\/www.mendoza.gov.ar\/prensa\/wp-json\/wp\/v2\/types\/post"}],"author":[{"embeddable":true,"href":"https:\/\/www.mendoza.gov.ar\/prensa\/wp-json\/wp\/v2\/users\/2"}],"replies":[{"embeddable":true,"href":"https:\/\/www.mendoza.gov.ar\/prensa\/wp-json\/wp\/v2\/comments?post=87366"}],"version-history":[{"count":0,"href":"https:\/\/www.mendoza.gov.ar\/prensa\/wp-json\/wp\/v2\/posts\/87366\/revisions"}],"wp:featuredmedia":[{"embeddable":true,"href":"https:\/\/www.mendoza.gov.ar\/prensa\/wp-json\/wp\/v2\/media\/87368"}],"wp:attachment":[{"href":"https:\/\/www.mendoza.gov.ar\/prensa\/wp-json\/wp\/v2\/media?parent=87366"}],"wp:term":[{"taxonomy":"category","embeddable":true,"href":"https:\/\/www.mendoza.gov.ar\/prensa\/wp-json\/wp\/v2\/categories?post=87366"},{"taxonomy":"post_tag","embeddable":true,"href":"https:\/\/www.mendoza.gov.ar\/prensa\/wp-json\/wp\/v2\/tags?post=87366"}],"curies":[{"name":"wp","href":"https:\/\/api.w.org\/{rel}","templated":true}]}}