{"id":87379,"date":"2017-04-20T18:40:36","date_gmt":"2017-04-20T21:40:36","guid":{"rendered":"http:\/\/prensa.mendoza.gov.ar\/?p=87379"},"modified":"2017-04-20T18:40:36","modified_gmt":"2017-04-20T21:40:36","slug":"mendoza-firmo-un-acuerdo-energetico-con-la-nacion","status":"publish","type":"post","link":"https:\/\/www.mendoza.gov.ar\/prensa\/mendoza-firmo-un-acuerdo-energetico-con-la-nacion\/","title":{"rendered":"Mendoza firm\u00f3 un acuerdo energ\u00e9tico con la Naci\u00f3n"},"content":{"rendered":"<!DOCTYPE html PUBLIC \"-\/\/W3C\/\/DTD HTML 4.0 Transitional\/\/EN\" \"http:\/\/www.w3.org\/TR\/REC-html40\/loose.dtd\">\n<html><body><p>El acuerdo firmado tiene como premisa generar pol&iacute;ticas de Estado de mediano y largo plazo en el sector energ&eacute;tico, las cuales permitir&aacute;n garantizar un abastecimiento seguro para todos los argentinos. Mendoza y el resto de las provincias est&aacute;n comprometidas a establecer instrumentos de coordinaci&oacute;n destinados a lograr un sector energ&eacute;tico m&aacute;s competitivo, confiable, inclusivo y ambientalmente sostenible. Adem&aacute;s, refiere a la elaboraci&oacute;n del Plan Energ&eacute;tico Estrat&eacute;gico, que priorizar&aacute; los proyectos necesarios para diversificar la matriz energ&eacute;tica, lograr armonizar criterios regulatorios y tarifarios y definir niveles de calidad para el servicio el&eacute;ctrico.<\/p>\n<p>El acta compromiso fue firmada por la vicegobernadora Laura Montero. Estipula la competencia de Naci&oacute;n y provincias respetando dominio originario de estas, la creaci&oacute;n del Consejo Federal de Energ&iacute;a, la normalizaci&oacute;n de entes reguladores, la adecuaci&oacute;n de empresas de servicio a objetivos de eficiencia y el acceso universal. Adem&aacute;s, un compromiso respecto del cambio clim&aacute;tico, fomentando el desarrollo energ&eacute;tico ambientalmente sustentable y la armonizaci&oacute;n tarifaria.<\/p>\n<p>&ldquo;Considero que lo firmado es muy importante, porque deja plasmado el compromiso de trabajar -de manera conjunta- en una planificaci&oacute;n estrat&eacute;gica a mediano y largo plazo, que es lo que necesita hoy el sector energ&eacute;tico. Por otro lado, el acuerdo sostiene el desarrollo de una matriz productiva diversificada en torno a las energ&iacute;as no renovables, lo que hace mucha sinergia en el desarrollo de distintos tipos de industria y, por ende, ser&aacute; una fuente de generaci&oacute;n de empleo&rdquo;, sostuvo Montero.<\/p>\n<p>Montero puso en valor fijar pautas sobre los organismos de control y normalizar el funcionamiento de las empresas. &ldquo;Un eje a destacar es el cuidado y compromiso por el cambio clim&aacute;tico y todas las consideraciones que hay que hacer para el desarrollo energ&eacute;tico en base a un desarrollo ambiental sostenible&rdquo;, se&ntilde;al&oacute;<\/p>\n<p>La vicegobernadora fue cr&iacute;tica respecto de&nbsp;c&oacute;mo se gestion&oacute;, durante la etapa kirchnerista, el tema energ&eacute;tico: &ldquo;La falta de previsi&oacute;n en materia de planificaci&oacute;n, discrecionalidad y reglas de juego poco claras llevaron a la perdida de autoabastecimiento. No hab&iacute;a forma de hacerles entender que el desarrollo energ&eacute;tico del pa&iacute;s necesitaba una mirada a largo plazo. Por hacer caso omiso a las advertencias, perdimos el abastecimiento energ&eacute;tico y, para ellos, esto fue el tal&oacute;n de Aquiles, ya que terminaron creando una entramada red de subsidios, dependiendo adem&aacute;s de importaciones car&iacute;simas y generando un d&eacute;ficit p&uacute;blico, sostenido por el Banco Central y de ah&iacute; a la inflaci&oacute;n en un paso&rdquo;.<\/p>\n<p>Finalmente, Laura Montero sostuvo: &ldquo;Es un avance para Mendoza, ya que se podr&aacute;n coordinar pol&iacute;ticas de desarrollo energ&eacute;tico con una matriz diversificada en sus fuentes y sostenible en materia de ambiente&rdquo;. Adem&aacute;s, hizo referencia al encuentro con los exsecretarios de Energ&iacute;a de la Naci&oacute;n, &ldquo;con quienes tan bien y tanto trabajamos durante mi etapa en el Congreso de la Naci&oacute;n&rdquo;.<\/p>\n<p>Adem&aacute;s del Presidente Mauricio Macri, estuvieron presentes el ministro de Energ&iacute;a, Juan Jos&eacute; Aranguren; el titular de la C&aacute;mara de Diputados, Emilio Monz&oacute;, y los gobernadores de Neuqu&eacute;n, Chaco, Chubut, Santa Fe, R&iacute;o Negro, Jujuy, de Tierra del Fuego, Entre R&iacute;os, y los vicegobernadores de Buenos Aires, C&oacute;rdoba, Santa Cruz y el vicejefe de Gobierno porte&ntilde;o. Acompa&ntilde;aron tambi&eacute;n funcionarios del &aacute;rea energ&iacute;a de Catamarca, Formosa, La Rioja y Salta.<\/p>\n<\/body><\/html>\n","protected":false},"excerpt":{"rendered":"En representaci\u00f3n del Gobernador\u00a0Alfredo Cornejo, la vicegobernadora Laura Montero y el secretario provincial de Energ\u00eda, Emilio Gui\u00f1az\u00fa, participaron este mediod\u00eda de la firma del Acuerdo Federal Energ\u00e9tico. Este acto, realizado en el Sal\u00f3n Blanco de Casa Rosada, fue presidido por el Presidente de la Naci\u00f3n, Mauricio Macri, y asistieron representantes de todas las provincias.","protected":false},"author":2,"featured_media":87385,"comment_status":"open","ping_status":"open","sticky":false,"template":"","format":"standard","meta":[],"categories":[1],"tags":[],"_links":{"self":[{"href":"https:\/\/www.mendoza.gov.ar\/prensa\/wp-json\/wp\/v2\/posts\/87379"}],"collection":[{"href":"https:\/\/www.mendoza.gov.ar\/prensa\/wp-json\/wp\/v2\/posts"}],"about":[{"href":"https:\/\/www.mendoza.gov.ar\/prensa\/wp-json\/wp\/v2\/types\/post"}],"author":[{"embeddable":true,"href":"https:\/\/www.mendoza.gov.ar\/prensa\/wp-json\/wp\/v2\/users\/2"}],"replies":[{"embeddable":true,"href":"https:\/\/www.mendoza.gov.ar\/prensa\/wp-json\/wp\/v2\/comments?post=87379"}],"version-history":[{"count":0,"href":"https:\/\/www.mendoza.gov.ar\/prensa\/wp-json\/wp\/v2\/posts\/87379\/revisions"}],"wp:featuredmedia":[{"embeddable":true,"href":"https:\/\/www.mendoza.gov.ar\/prensa\/wp-json\/wp\/v2\/media\/87385"}],"wp:attachment":[{"href":"https:\/\/www.mendoza.gov.ar\/prensa\/wp-json\/wp\/v2\/media?parent=87379"}],"wp:term":[{"taxonomy":"category","embeddable":true,"href":"https:\/\/www.mendoza.gov.ar\/prensa\/wp-json\/wp\/v2\/categories?post=87379"},{"taxonomy":"post_tag","embeddable":true,"href":"https:\/\/www.mendoza.gov.ar\/prensa\/wp-json\/wp\/v2\/tags?post=87379"}],"curies":[{"name":"wp","href":"https:\/\/api.w.org\/{rel}","templated":true}]}}