{"id":87845,"date":"2017-04-25T10:03:48","date_gmt":"2017-04-25T13:03:48","guid":{"rendered":"http:\/\/prensa.mendoza.gov.ar\/?p=87845"},"modified":"2017-04-25T10:03:48","modified_gmt":"2017-04-25T13:03:48","slug":"ordenamiento-de-servicios-sanitarios-en-guaymallen","status":"publish","type":"post","link":"https:\/\/www.mendoza.gov.ar\/prensa\/ordenamiento-de-servicios-sanitarios-en-guaymallen\/","title":{"rendered":"Ordenamiento de servicios sanitarios en Guaymall\u00e9n"},"content":{"rendered":"<!DOCTYPE html PUBLIC \"-\/\/W3C\/\/DTD HTML 4.0 Transitional\/\/EN\" \"http:\/\/www.w3.org\/TR\/REC-html40\/loose.dtd\">\n<html><body><p>El intendente Marcelino Iglesias y sus colaboradores se reunieron con&nbsp;funcionarios y t&eacute;cnicos del Ente Provincial de Agua y Saneamiento (EPAS) para&nbsp;abordar temas relacionados con el&nbsp;ordenamiento de servicios sanitarios en Guaymall&eacute;n.<\/p>\n<p>En la oportunidad, revisaron la situaci&oacute;n de Colonia Segovia, donde se coordina el recambio de ca&ntilde;er&iacute;as de agua potable con la pavimentaci&oacute;n de calles. Adem&aacute;s, se analiz&oacute; la viabilidad de una nueva perforaci&oacute;n para la mejora de la calidad del suministro, en lugar de invertir en poner en funcionamiento perforaciones en desuso.<\/p>\n<p>Hubo acuerdo en que la Comuna se haga cargo de actualizar el padr&oacute;n de usuarios de esa importante zona, a fin de que el ente regulador pueda avanzar en detectar propiedades con m&aacute;s de una conexi&oacute;n de agua potable o conexiones clandestinas.<\/p>\n<p>Por otra parte, el EPAS present&oacute; el c&oacute;mputo y presupuesto realizado por sus t&eacute;cnicos para la renovaci&oacute;n de redes de Villa Blanca, Loteo Di Rocco y calles Buenos Vecinos y S&aacute;nez Pe&ntilde;a. Esta documentaci&oacute;n es necesaria para que el Municipio acceda al financiamiento de la obra.<\/p>\n<p>Se repas&oacute; tambi&eacute;n el avance de la obra municipal de construcci&oacute;n de la planta potabilizadora y redes para el suministro a Colonia Molina, zona de gran crecimiento edilicio y con usuarios actualmente no conectados al agua potable.<\/p>\n<p><strong>Los participantes<\/strong><\/p>\n<p>Como parte del trabajo conjunto permanente ya establecido entre las partes, esta vez se trabaj&oacute; al m&aacute;ximo nivel municipal con la presencia de Marcelino Iglesias; la directora de Planificaci&oacute;n, Cintia Brucki; Gustavo Callas, de la Direcci&oacute;n de Cooperativas, y varios delegados municipales.<\/p>\n<p>Por el ente regulador estuvieron presentes los directores Carlos Moran Crowley y Orlando Lucentini, y los jefes de Planificaci&oacute;n Estrat&eacute;gica, Laura Acquaviva, y de Asuntos T&eacute;cnicos, Carlos Moreno.<\/p>\n<p>La tarea fue complementada, al d&iacute;a siguiente, con la visita al ente regulador de Cintia Brucki, oportunidad en que se articularon acciones referidas a evitar la anarqu&iacute;a en el proceso de crecimiento de nuevos loteos y se verificaron distintos puntos del programa de Mejoramiento de Producci&oacute;n de Servicios en Estado Cr&iacute;tico, encuadrados en el Plan Nacional de Agua y Saneamiento.<\/p>\n<\/body><\/html>\n","protected":false},"excerpt":{"rendered":"Se realiz\u00f3 una reuni\u00f3n de trabajo entre funcionarios y t\u00e9cnicos de EPAS con el intendente Marcelino Iglesias y sus colaboradores.","protected":false},"author":2,"featured_media":87846,"comment_status":"open","ping_status":"open","sticky":false,"template":"","format":"standard","meta":[],"categories":[34],"tags":[],"_links":{"self":[{"href":"https:\/\/www.mendoza.gov.ar\/prensa\/wp-json\/wp\/v2\/posts\/87845"}],"collection":[{"href":"https:\/\/www.mendoza.gov.ar\/prensa\/wp-json\/wp\/v2\/posts"}],"about":[{"href":"https:\/\/www.mendoza.gov.ar\/prensa\/wp-json\/wp\/v2\/types\/post"}],"author":[{"embeddable":true,"href":"https:\/\/www.mendoza.gov.ar\/prensa\/wp-json\/wp\/v2\/users\/2"}],"replies":[{"embeddable":true,"href":"https:\/\/www.mendoza.gov.ar\/prensa\/wp-json\/wp\/v2\/comments?post=87845"}],"version-history":[{"count":0,"href":"https:\/\/www.mendoza.gov.ar\/prensa\/wp-json\/wp\/v2\/posts\/87845\/revisions"}],"wp:featuredmedia":[{"embeddable":true,"href":"https:\/\/www.mendoza.gov.ar\/prensa\/wp-json\/wp\/v2\/media\/87846"}],"wp:attachment":[{"href":"https:\/\/www.mendoza.gov.ar\/prensa\/wp-json\/wp\/v2\/media?parent=87845"}],"wp:term":[{"taxonomy":"category","embeddable":true,"href":"https:\/\/www.mendoza.gov.ar\/prensa\/wp-json\/wp\/v2\/categories?post=87845"},{"taxonomy":"post_tag","embeddable":true,"href":"https:\/\/www.mendoza.gov.ar\/prensa\/wp-json\/wp\/v2\/tags?post=87845"}],"curies":[{"name":"wp","href":"https:\/\/api.w.org\/{rel}","templated":true}]}}