{"id":88098,"date":"2017-04-27T12:30:06","date_gmt":"2017-04-27T15:30:06","guid":{"rendered":"http:\/\/prensa.mendoza.gov.ar\/?p=88098"},"modified":"2017-04-27T12:30:06","modified_gmt":"2017-04-27T15:30:06","slug":"feria-de-empleo-en-mendoza-se-podra-viajar-gratis-en-transporte-publico","status":"publish","type":"post","link":"https:\/\/www.mendoza.gov.ar\/prensa\/feria-de-empleo-en-mendoza-se-podra-viajar-gratis-en-transporte-publico\/","title":{"rendered":"Feria de Empleo en Mendoza: se podr\u00e1 viajar gratis en transporte p\u00fablico"},"content":{"rendered":"<!DOCTYPE html PUBLIC \"-\/\/W3C\/\/DTD HTML 4.0 Transitional\/\/EN\" \"http:\/\/www.w3.org\/TR\/REC-html40\/loose.dtd\">\n<html><body><p>El 4 y 5 de mayo se llevar&aacute; a cabo la Expo Empleo, en la Nave Cultural. Esta iniciativa, organizada conjuntamente entre los Ministerios de Trabajo y Desarrollo Social de la Naci&oacute;n, pretende orientar a j&oacute;venes de 18 a 30 en temas laborales, sobre todo a aquellos que m&aacute;s dificultades enfrentan para&nbsp;conseguir empleo.<\/p>\n<p>Con la intenci&oacute;n&nbsp;de que todos los ciudadanos puedan participar, a trav&eacute;s de gestiones realizadas entre la Direcci&oacute;n de Transporte de la Provincia, AUTAM y el Ministerio de Desarrollo Social de la Naci&oacute;n &ndash;representado por Victoria Abihaggle, coordinadora regional de Juventud en Cuyo&ndash;, se decidi&oacute; otorgar la gratuidad en el boleto de transporte p&uacute;blico durante los d&iacute;as que dure la exposici&oacute;n.<\/p>\n<p><a href=\"https:\/\/www.mendoza.gov.ar\/prensa\/wp-content\/uploads\/sites\/23\/WhatsApp-Image-2017-04-27-at-17.28.25.jpeg\"><img loading=\"lazy\" class=\"alignnone wp-image-88124 img-responsive center-block\" src=\"https:\/\/www.mendoza.gov.ar\/prensa\/wp-content\/uploads\/sites\/23\/WhatsApp-Image-2017-04-27-at-17.28.25.jpeg\" alt=\"\" width=\"650\" height=\"867\"><\/a><\/p>\n<p>La tarjeta que deber&aacute; usar el interesado para acceder al beneficio deber&aacute; ser retirada en su municipio y es v&aacute;lida &uacute;nicamente para viajar hacia donde se desarrolla la actividad.<\/p>\n<p>Adem&aacute;s de Mendoza, se efectuar&aacute; en otros puntos del pa&iacute;s, como Bariloche, Misiones, Santa Fe, Mar del Plata, La Matanza, Tres de Febrero, C&oacute;rdoba, Salta y Quilmes.<\/p>\n<\/body><\/html>\n","protected":false},"excerpt":{"rendered":"Destinado a j\u00f3venes de 18 a 30 a\u00f1os, quienes deseen asistir podr\u00e1n obtener la tarjeta de colectivo en el respectivo municipio.","protected":false},"author":2,"featured_media":88099,"comment_status":"open","ping_status":"open","sticky":false,"template":"","format":"standard","meta":[],"categories":[34],"tags":[],"_links":{"self":[{"href":"https:\/\/www.mendoza.gov.ar\/prensa\/wp-json\/wp\/v2\/posts\/88098"}],"collection":[{"href":"https:\/\/www.mendoza.gov.ar\/prensa\/wp-json\/wp\/v2\/posts"}],"about":[{"href":"https:\/\/www.mendoza.gov.ar\/prensa\/wp-json\/wp\/v2\/types\/post"}],"author":[{"embeddable":true,"href":"https:\/\/www.mendoza.gov.ar\/prensa\/wp-json\/wp\/v2\/users\/2"}],"replies":[{"embeddable":true,"href":"https:\/\/www.mendoza.gov.ar\/prensa\/wp-json\/wp\/v2\/comments?post=88098"}],"version-history":[{"count":0,"href":"https:\/\/www.mendoza.gov.ar\/prensa\/wp-json\/wp\/v2\/posts\/88098\/revisions"}],"wp:featuredmedia":[{"embeddable":true,"href":"https:\/\/www.mendoza.gov.ar\/prensa\/wp-json\/wp\/v2\/media\/88099"}],"wp:attachment":[{"href":"https:\/\/www.mendoza.gov.ar\/prensa\/wp-json\/wp\/v2\/media?parent=88098"}],"wp:term":[{"taxonomy":"category","embeddable":true,"href":"https:\/\/www.mendoza.gov.ar\/prensa\/wp-json\/wp\/v2\/categories?post=88098"},{"taxonomy":"post_tag","embeddable":true,"href":"https:\/\/www.mendoza.gov.ar\/prensa\/wp-json\/wp\/v2\/tags?post=88098"}],"curies":[{"name":"wp","href":"https:\/\/api.w.org\/{rel}","templated":true}]}}