{"id":88211,"date":"2017-04-29T11:00:21","date_gmt":"2017-04-29T14:00:21","guid":{"rendered":"http:\/\/prensa.mendoza.gov.ar\/?p=88211"},"modified":"2017-04-29T11:00:21","modified_gmt":"2017-04-29T14:00:21","slug":"se-desviara-el-transporte-publico-que-circula-por-avenida-espana","status":"publish","type":"post","link":"https:\/\/www.mendoza.gov.ar\/prensa\/se-desviara-el-transporte-publico-que-circula-por-avenida-espana\/","title":{"rendered":"Se desviar\u00e1 el transporte p\u00fablico que circula por avenida Espa\u00f1a"},"content":{"rendered":"<!DOCTYPE html PUBLIC \"-\/\/W3C\/\/DTD HTML 4.0 Transitional\/\/EN\" \"http:\/\/www.w3.org\/TR\/REC-html40\/loose.dtd\">\n<html><body><p>La empresa que tiene a su cargo la obra de renovaci&oacute;n de&nbsp;avenida&nbsp;Espa&ntilde;a de Ciudad comenzar&aacute; con los trabajos de pavimentaci&oacute;n, por lo cual durante tres&nbsp;d&iacute;as estar&aacute; cortado el tramo de Col&oacute;n a Guti&eacute;rrez.<\/p>\n<p>A partir del 2 de mayo se desviar&aacute;n las siguientes l&iacute;neas de transporte:<\/p>\n<p>Grupo 3. L&iacute;neas 31 y&nbsp;32.<br>\nGrupo 6. L&iacute;nea 61.<br>\nGrupo 7. L&iacute;nea 92.<br>\nGrupo 8. L&iacute;nea 104.<br>\nGrupo 9. L&iacute;nea 166.<br>\nGrupo 5. L&iacute;nea 71&nbsp;y 72. &nbsp; &nbsp; &nbsp; &nbsp; &nbsp; &nbsp; &nbsp; &nbsp; &nbsp; &nbsp; &nbsp; &nbsp; &nbsp; &nbsp; &nbsp; &nbsp; &nbsp; &nbsp; &nbsp; &nbsp; &nbsp; &nbsp; &nbsp; &nbsp; &nbsp; &nbsp; &nbsp; &nbsp; &nbsp; &nbsp; &nbsp; &nbsp; &nbsp; &nbsp; &nbsp; &nbsp; &nbsp; &nbsp; &nbsp; &nbsp; &nbsp; &nbsp; &nbsp; &nbsp; &nbsp; &nbsp; &nbsp; &nbsp; &nbsp; &nbsp; &nbsp; &nbsp; &nbsp; &nbsp; &nbsp; &nbsp; &nbsp; &nbsp; &nbsp; &nbsp; &nbsp; &nbsp; &nbsp; &nbsp; &nbsp; &nbsp; &nbsp; &nbsp; &nbsp; &nbsp; &nbsp; &nbsp; &nbsp; &nbsp; &nbsp; &nbsp; &nbsp; &nbsp; &nbsp; &nbsp; &nbsp; &nbsp; &nbsp; &nbsp; &nbsp; Grupo 12. L&iacute;nea Dorrego<\/p>\n<p>Los colectivos ir&aacute;n por Espa&ntilde;a, Col&oacute;n, Chile, y recorrido.<\/p>\n<p>Se respetar&aacute;n todas las paradas de los distintos grupos.<\/p>\n<\/body><\/html>\n","protected":false},"excerpt":{"rendered":"Se comenzar\u00e1 con el asfalto, por lo que se modificar\u00e1 el recorrido de los colectivos durante tres d\u00edas entre Col\u00f3n y Guti\u00e9rrez.","protected":false},"author":2,"featured_media":88212,"comment_status":"open","ping_status":"open","sticky":false,"template":"","format":"standard","meta":[],"categories":[34],"tags":[],"_links":{"self":[{"href":"https:\/\/www.mendoza.gov.ar\/prensa\/wp-json\/wp\/v2\/posts\/88211"}],"collection":[{"href":"https:\/\/www.mendoza.gov.ar\/prensa\/wp-json\/wp\/v2\/posts"}],"about":[{"href":"https:\/\/www.mendoza.gov.ar\/prensa\/wp-json\/wp\/v2\/types\/post"}],"author":[{"embeddable":true,"href":"https:\/\/www.mendoza.gov.ar\/prensa\/wp-json\/wp\/v2\/users\/2"}],"replies":[{"embeddable":true,"href":"https:\/\/www.mendoza.gov.ar\/prensa\/wp-json\/wp\/v2\/comments?post=88211"}],"version-history":[{"count":0,"href":"https:\/\/www.mendoza.gov.ar\/prensa\/wp-json\/wp\/v2\/posts\/88211\/revisions"}],"wp:featuredmedia":[{"embeddable":true,"href":"https:\/\/www.mendoza.gov.ar\/prensa\/wp-json\/wp\/v2\/media\/88212"}],"wp:attachment":[{"href":"https:\/\/www.mendoza.gov.ar\/prensa\/wp-json\/wp\/v2\/media?parent=88211"}],"wp:term":[{"taxonomy":"category","embeddable":true,"href":"https:\/\/www.mendoza.gov.ar\/prensa\/wp-json\/wp\/v2\/categories?post=88211"},{"taxonomy":"post_tag","embeddable":true,"href":"https:\/\/www.mendoza.gov.ar\/prensa\/wp-json\/wp\/v2\/tags?post=88211"}],"curies":[{"name":"wp","href":"https:\/\/api.w.org\/{rel}","templated":true}]}}