{"id":88248,"date":"2017-04-28T13:48:24","date_gmt":"2017-04-28T16:48:24","guid":{"rendered":"http:\/\/prensa.mendoza.gov.ar\/?p=88248"},"modified":"2017-04-28T13:48:24","modified_gmt":"2017-04-28T16:48:24","slug":"la-stm-comenzara-a-prestar-el-servicio-godoy-cruz-centro","status":"publish","type":"post","link":"https:\/\/www.mendoza.gov.ar\/prensa\/la-stm-comenzara-a-prestar-el-servicio-godoy-cruz-centro\/","title":{"rendered":"La STM comenzar\u00e1 a prestar el servicio Godoy Cruz-Centro"},"content":{"rendered":"<!DOCTYPE html PUBLIC \"-\/\/W3C\/\/DTD HTML 4.0 Transitional\/\/EN\" \"http:\/\/www.w3.org\/TR\/REC-html40\/loose.dtd\">\n<html><body><p>Desde el pr&oacute;ximo martes, la Sociedad de Transporte de Mendoza (STM) comenzar&aacute; a prestar un nuevo servicio para los usuarios. Se trata del recorrido &ldquo;Godoy Cruz-Centro&rdquo; del grupo 12, con frecuencias cada 11 minutos aproximadamente los d&iacute;as h&aacute;biles.<\/p>\n<p>La puesta en marcha de este servicio surge como respuesta a los reclamos recibidos por parte de los vecinos de un sector del distrito Gobernador Benegas que comprende las calles Cervantes, Arist&oacute;bulo del Valle, Peltier, Perito Moreno, Jos&eacute; Ingenieros y Pte. Olive. El recorrido tendr&aacute;, de lunes a viernes, 100 frecuencias diarias, los s&aacute;bados, 80, y domingos y feriados, 50.<\/p>\n<p>La traza ser&aacute; la siguiente: Control calle Per&uacute;, El Parral, Pellegrini, 9 de Julio, Capit&aacute;n de Fragata Moyano, San Mart&iacute;n, San Mart&iacute;n Sur, Tiburcio Benegas, Sarmiento, Cervantes, Arist&oacute;bulo del Valle, Peltier, Perito Moreno, Jos&eacute; Ingenieros, San Mart&iacute;n Sur, San Mart&iacute;n, Mor&oacute;n, San Juan, Jos&eacute; Vicente Zapata, Col&oacute;n, Av. Espa&ntilde;a, Godoy Cruz, Mitre, Vendimiadores, El Parral, Control calle Per&uacute;.<\/p>\n<\/body><\/html>\n","protected":false},"excerpt":{"rendered":"Ser\u00e1 a partir del martes 2 de mayo. Tendr\u00e1 100 frecuencias de lunes a viernes, 80 los s\u00e1bados y 50 domingos y feriados.","protected":false},"author":2,"featured_media":88249,"comment_status":"open","ping_status":"open","sticky":false,"template":"","format":"standard","meta":[],"categories":[34],"tags":[],"_links":{"self":[{"href":"https:\/\/www.mendoza.gov.ar\/prensa\/wp-json\/wp\/v2\/posts\/88248"}],"collection":[{"href":"https:\/\/www.mendoza.gov.ar\/prensa\/wp-json\/wp\/v2\/posts"}],"about":[{"href":"https:\/\/www.mendoza.gov.ar\/prensa\/wp-json\/wp\/v2\/types\/post"}],"author":[{"embeddable":true,"href":"https:\/\/www.mendoza.gov.ar\/prensa\/wp-json\/wp\/v2\/users\/2"}],"replies":[{"embeddable":true,"href":"https:\/\/www.mendoza.gov.ar\/prensa\/wp-json\/wp\/v2\/comments?post=88248"}],"version-history":[{"count":0,"href":"https:\/\/www.mendoza.gov.ar\/prensa\/wp-json\/wp\/v2\/posts\/88248\/revisions"}],"wp:featuredmedia":[{"embeddable":true,"href":"https:\/\/www.mendoza.gov.ar\/prensa\/wp-json\/wp\/v2\/media\/88249"}],"wp:attachment":[{"href":"https:\/\/www.mendoza.gov.ar\/prensa\/wp-json\/wp\/v2\/media?parent=88248"}],"wp:term":[{"taxonomy":"category","embeddable":true,"href":"https:\/\/www.mendoza.gov.ar\/prensa\/wp-json\/wp\/v2\/categories?post=88248"},{"taxonomy":"post_tag","embeddable":true,"href":"https:\/\/www.mendoza.gov.ar\/prensa\/wp-json\/wp\/v2\/tags?post=88248"}],"curies":[{"name":"wp","href":"https:\/\/api.w.org\/{rel}","templated":true}]}}