{"id":88341,"date":"2017-05-01T19:39:49","date_gmt":"2017-05-01T22:39:49","guid":{"rendered":"http:\/\/prensa.mendoza.gov.ar\/?p=88341"},"modified":"2017-05-01T19:39:49","modified_gmt":"2017-05-01T22:39:49","slug":"medicos-de-osep-realizaran-controles-ginecologicos-a-afiliadas-de-lavalle","status":"publish","type":"post","link":"https:\/\/www.mendoza.gov.ar\/prensa\/medicos-de-osep-realizaran-controles-ginecologicos-a-afiliadas-de-lavalle\/","title":{"rendered":"M\u00e9dicos de OSEP realizar\u00e1n controles ginecol\u00f3gicos a afiliadas de Lavalle"},"content":{"rendered":"<!DOCTYPE html PUBLIC \"-\/\/W3C\/\/DTD HTML 4.0 Transitional\/\/EN\" \"http:\/\/www.w3.org\/TR\/REC-html40\/loose.dtd\">\n<html><body><p>Ma&ntilde;ana martes, m&eacute;dicos de OSEP visitar&aacute;n diferentes distritos de Lavalle para realizar el Papanicol&aacute;u (PAP) a las afiliadas que tengan entre 25 y 65 a&ntilde;os y que no se lo hayan realizado o si pasaron&nbsp;m&aacute;s de tres a&ntilde;os desde el&nbsp;&uacute;ltimo examen.<\/p>\n<p>El&nbsp;estudio es gratuito, sencillo e indoloro, y permite detectar a tiempo lesiones en el cuello del &uacute;tero que si no son tratadas pueden generar c&aacute;ncer.<\/p>\n<p>Se atender&aacute; en los centros de salud de:<\/p>\n<ul>\n<li>Arroyito, de 8.30 a 9.30.<\/li>\n<li>El Forzudo, de 10.30 a 12.<\/li>\n<li>El Retamo, de 14 a 15.30.<\/li>\n<li>Lagunitas, de 16.30 a 17.30.<\/li>\n<li>San Miguel, de 18.30 a 20.<\/li>\n<\/ul>\n<p><strong>Recomendaciones antes de hacerse el PAP<\/strong><\/p>\n<ul>\n<li>No tener relaciones sexuales.<\/li>\n<li>No realizar lavajes vaginales ni colocarse &oacute;vulos o cremas.<\/li>\n<li>No usar tampones.<\/li>\n<li>No realizar ning&uacute;n otro tipo de examen ginecol&oacute;gico ni ecograf&iacute;a transvaginal.<\/li>\n<\/ul>\n<\/body><\/html>\n","protected":false},"excerpt":{"rendered":"Ser\u00e1 este martes 2 de mayo. Se realizar\u00e1 el PAP a las mujeres que tengan entre 25 y 65 a\u00f1os y que no se hayan realizado el estudio o si pasaron m\u00e1s de tres a\u00f1os del \u00faltimo examen.\u00a0","protected":false},"author":2,"featured_media":0,"comment_status":"open","ping_status":"open","sticky":false,"template":"","format":"standard","meta":[],"categories":[30],"tags":[],"_links":{"self":[{"href":"https:\/\/www.mendoza.gov.ar\/prensa\/wp-json\/wp\/v2\/posts\/88341"}],"collection":[{"href":"https:\/\/www.mendoza.gov.ar\/prensa\/wp-json\/wp\/v2\/posts"}],"about":[{"href":"https:\/\/www.mendoza.gov.ar\/prensa\/wp-json\/wp\/v2\/types\/post"}],"author":[{"embeddable":true,"href":"https:\/\/www.mendoza.gov.ar\/prensa\/wp-json\/wp\/v2\/users\/2"}],"replies":[{"embeddable":true,"href":"https:\/\/www.mendoza.gov.ar\/prensa\/wp-json\/wp\/v2\/comments?post=88341"}],"version-history":[{"count":0,"href":"https:\/\/www.mendoza.gov.ar\/prensa\/wp-json\/wp\/v2\/posts\/88341\/revisions"}],"wp:attachment":[{"href":"https:\/\/www.mendoza.gov.ar\/prensa\/wp-json\/wp\/v2\/media?parent=88341"}],"wp:term":[{"taxonomy":"category","embeddable":true,"href":"https:\/\/www.mendoza.gov.ar\/prensa\/wp-json\/wp\/v2\/categories?post=88341"},{"taxonomy":"post_tag","embeddable":true,"href":"https:\/\/www.mendoza.gov.ar\/prensa\/wp-json\/wp\/v2\/tags?post=88341"}],"curies":[{"name":"wp","href":"https:\/\/api.w.org\/{rel}","templated":true}]}}