{"id":88513,"date":"2017-05-02T15:38:08","date_gmt":"2017-05-02T18:38:08","guid":{"rendered":"http:\/\/prensa.mendoza.gov.ar\/?p=88513"},"modified":"2017-05-02T15:38:08","modified_gmt":"2017-05-02T18:38:08","slug":"el-ministro-de-seguridad-presento-el-proyecto-de-reforma-de-la-ley-de-ejecucion-de-la-pena-privativa-de-la-libertad","status":"publish","type":"post","link":"https:\/\/www.mendoza.gov.ar\/prensa\/el-ministro-de-seguridad-presento-el-proyecto-de-reforma-de-la-ley-de-ejecucion-de-la-pena-privativa-de-la-libertad\/","title":{"rendered":"El ministro de Seguridad present\u00f3 el proyecto de reforma de la Ley de Ejecuci\u00f3n de la Pena Privativa de la Libertad"},"content":{"rendered":"<!DOCTYPE html PUBLIC \"-\/\/W3C\/\/DTD HTML 4.0 Transitional\/\/EN\" \"http:\/\/www.w3.org\/TR\/REC-html40\/loose.dtd\">\n<html><body><p>El ministro de Seguridad present&oacute; esta ma&ntilde;ana el proyecto de ley sobre la &ldquo;Reforma del C&oacute;digo de Ejecuci&oacute;n de la Pena Privativa de la Libertad de la Provincia de Mendoza Ley 8465&rdquo;.<\/p>\n<p>El proyecto tom&oacute; estado parlamentario durante la sesi&oacute;n realizada hoy y fue girado a la comisi&oacute;n de Legislaci&oacute;n y Asuntos Constitucionales para su evaluaci&oacute;n.<\/p>\n<p>Cabe destacar que la propuesta fue anticipada por el Gobernador Alfredo Cornejo&nbsp; durante su discurso en la apertura de las Sesiones Ordinarias.<\/p>\n<p>La reforma convoca por primera vez a las v&iacute;ctimas del delito a participar en el sistema penal y crea un r&eacute;gimen que traza ejes que promueve que los presos trabajen y se capaciten para conseguir disminuir los &iacute;ndices de &ldquo;reiterancia&rdquo; y reincidencia de quienes est&aacute;n privados de su libertad.<\/p>\n<p>La vicegobernadora Montero inform&oacute; que el proyecto de Ley ingres&oacute; por la C&aacute;mara de Senadores y crea el R&eacute;gimen de Ejecuci&oacute;n de la Pena Privativa de la Libertad y establece la resocializaci&oacute;n mediante la educaci&oacute;n, la capacitaci&oacute;n y el trabajo obligatorio de los presos y la participaci&oacute;n de la v&iacute;ctima.<\/p>\n<p>En tanto, el ministro de Seguridad de la Provincia explic&oacute; dicha propuesta plantea evitar la reincidencia y que los presos acostumbrados al sistema garantista, asuman la responsabilidad real de comprender que han cometido delitos contra los ciudadanos. Adem&aacute;s a&ntilde;adi&oacute;: &ldquo;Deber&iacute;amos encontrar una soluci&oacute;n y empezar a evitar esto de las c&aacute;rceles son lugares de creaci&oacute;n de delitos&rdquo;.<\/p>\n<p>&ldquo;Consideramos que los espacios de inactividad total por parte de las personas que est&aacute;n condenadas, promueven el delito, promueven la inseguridad interna y crea delitos para aquellos que ingresan por primera vez al sistema&rdquo;, discurri&oacute; Venier.<\/p>\n<p>Para evitar este tipo de situaciones, desde el Ejecutivo proponen imponer a los condenados que deban trabajar a diario, realizando labores propias para manejar su entorno.<\/p>\n<p>El ministro de Seguridad adem&aacute;s inform&oacute; que dicho trabajo se al&iacute;a con la modificaci&oacute;n total del Sistema de Ejecuci&oacute;n Provincial de la Condena, ya que las personas privadas de la libertad, desde la mitad de la condena efectiva en adelante, pueden pedir beneficios para acortar su tiempo de duraci&oacute;n. Ese pedido de beneficio est&aacute; regulado por el C&oacute;digo Penal y tambi&eacute;n por la Ley de Ejecuci&oacute;n.<\/p>\n<p>Al respecto, Venier explic&oacute; que con la iniciativa proponen que el otorgamiento de estos beneficios, van a estar vinculados a la actitud para el trabajo y esa ser&aacute; la ofrenda del preso ante el juez de ejecuci&oacute;n, para solicitarlo.<\/p>\n<p>El funcionario adem&aacute;s indic&oacute; que una persona que est&aacute; privada de la libertad porque cometi&oacute; un delito, da&ntilde;&oacute; a un tercero. Con dicha modificaci&oacute;n, la v&iacute;ctima podr&aacute; seguir la condena y participar en audiencias p&uacute;blicas cuando el condenado solicite alg&uacute;n beneficio en su sistema de ejecuci&oacute;n.<\/p>\n<p>El ministro de Seguridad adem&aacute;s sostuvo que la v&iacute;ctima de delito tendr&aacute; acceso al legajo de&nbsp; la persona privada de libertad a su sola petici&oacute;n y a trav&eacute;s de representante con poder especial o autorizaci&oacute;n simple, igual derecho asiste al querellante particular y a las organizaciones de defensa de las v&iacute;ctimas de delito.<\/p>\n<p>En tanto, Eduardo Orellana director de la Penitenciar&iacute;a de Mendoza explic&oacute;: &ldquo;Hay que optimizar los espacios actuales que a lo mejor tiene una matriz de trabajo que est&aacute; obsoleta. Lo &uacute;nico que hay que hacer es crear estos espacios optimiz&aacute;ndolos, fijar qu&eacute; demanda hoy la actividad en la vida libre para que las personas privadas de la libertad sean competentes para ocupar estos puestos de trabajo&rdquo;.<\/p>\n<p>&ldquo;Hoy el trabajo es un derecho y es deber. En la nueva ley el trabajo est&aacute; marcado como una obligaci&oacute;n. Las personas privadas de la libertad van a tener la obligaci&oacute;n de trabajar, aquellos que no lo hagan el Servicio Penitenciario tendr&aacute;n la herramienta para no presentar informes que le permitan avanzar en la ejecuci&oacute;n de la pena. Al no poder avanzar en la ejecuci&oacute;n de la pena, no va a tener la posibilidad de acceder a cualquier modo de libertad anticipada que prev&eacute; la ley al respecto&rdquo;, detall&oacute; Orellana.<\/p>\n<p>Por su parte, Juan Ignacio Mulet, director de Enlace de Asuntos Penitenciarios y Justicia asever&oacute;: &ldquo;Todas las personas que ingresen al sistema penitenciario salgan capacitadas para poder trabajar en la v&iacute;a libre, a partir de esta iniciativa&nbsp; el estado va a dar las herramientas para socializarse&rdquo;.<\/p>\n<p>&ldquo;Queremos que todos empiecen a trabajar, los condenados a trav&eacute;s de esta ley tienen la obligaci&oacute;n de trabajar. Los procesados estamos trabajando en un programa de r&eacute;gimen progresivo y voluntario de trabajo. La premisa de la ley es que todos tengan una actividad para que puedan reinsertarse&rdquo;.<\/p>\n<p>El diputado nacional Luis Petri destac&oacute; el proyecto presentado por el Ejecutivo e indic&oacute; que le llam&oacute; la atenci&oacute;n que miembros de la oposici&oacute;n calificaran la propuesta como inconstitucional. Adem&aacute;s a&ntilde;adi&oacute;: &ldquo;Lo m&aacute;s grave es que un juez de ejecuci&oacute;n de la Provincia, que va a tener en sus manos la responsabilidad de aplicar esta ley, sin haberla le&iacute;do, sin conocerla, la critique. Esto puede provocar su recusaci&oacute;n o deber&aacute; al momento de sentenciar a un acusado, excusarse de la aplicar dicha normativa&rdquo;, dijo el legislador.<\/p>\n<p>Petri, &nbsp;adem&aacute;s inform&oacute; que a nivel Nacional est&aacute;n impulsando una modificaci&oacute;n para garantizar que las condenas sean cumplidas. &ldquo;Las v&iacute;ctimas no s&oacute;lo tienen derecho de que el acusado tenga una sentencia justa respecto de las imputaciones de un delito, sino tambi&eacute;n a que esas sentencias posteriormente se ejecuten en la pr&aacute;ctica y no tengan el by pass de salidas transitorias o libertades condicionales, trat&aacute;ndose de delitos graves&rdquo;.<\/p>\n<\/body><\/html>\n","protected":false},"excerpt":{"rendered":"Trabajo, educaci\u00f3n y capacitaci\u00f3n son los tres ejes que promueve para conseguir disminuir los \u00edndices de reincidencia de quienes est\u00e1n privados de libertad. Adem\u00e1s de Gianni Venier, participaron de la actividad la vicegobernadora Laura Montero, el director de la Penitenciar\u00eda de Mendoza, Eduardo Orellana; el director de Enlace de Asuntos Penitenciarios y Justicia, Juan Ignacio Mulet; y el diputado nacional Luis Petri.","protected":false},"author":2,"featured_media":88514,"comment_status":"open","ping_status":"open","sticky":false,"template":"","format":"standard","meta":[],"categories":[1],"tags":[],"_links":{"self":[{"href":"https:\/\/www.mendoza.gov.ar\/prensa\/wp-json\/wp\/v2\/posts\/88513"}],"collection":[{"href":"https:\/\/www.mendoza.gov.ar\/prensa\/wp-json\/wp\/v2\/posts"}],"about":[{"href":"https:\/\/www.mendoza.gov.ar\/prensa\/wp-json\/wp\/v2\/types\/post"}],"author":[{"embeddable":true,"href":"https:\/\/www.mendoza.gov.ar\/prensa\/wp-json\/wp\/v2\/users\/2"}],"replies":[{"embeddable":true,"href":"https:\/\/www.mendoza.gov.ar\/prensa\/wp-json\/wp\/v2\/comments?post=88513"}],"version-history":[{"count":0,"href":"https:\/\/www.mendoza.gov.ar\/prensa\/wp-json\/wp\/v2\/posts\/88513\/revisions"}],"wp:featuredmedia":[{"embeddable":true,"href":"https:\/\/www.mendoza.gov.ar\/prensa\/wp-json\/wp\/v2\/media\/88514"}],"wp:attachment":[{"href":"https:\/\/www.mendoza.gov.ar\/prensa\/wp-json\/wp\/v2\/media?parent=88513"}],"wp:term":[{"taxonomy":"category","embeddable":true,"href":"https:\/\/www.mendoza.gov.ar\/prensa\/wp-json\/wp\/v2\/categories?post=88513"},{"taxonomy":"post_tag","embeddable":true,"href":"https:\/\/www.mendoza.gov.ar\/prensa\/wp-json\/wp\/v2\/tags?post=88513"}],"curies":[{"name":"wp","href":"https:\/\/api.w.org\/{rel}","templated":true}]}}