{"id":88634,"date":"2017-05-03T14:44:12","date_gmt":"2017-05-03T17:44:12","guid":{"rendered":"http:\/\/prensa.mendoza.gov.ar\/?p=88634"},"modified":"2017-05-03T14:44:12","modified_gmt":"2017-05-03T17:44:12","slug":"el-gobernador-puso-en-funcionamiento-el-laboratorio-de-adn","status":"publish","type":"post","link":"https:\/\/www.mendoza.gov.ar\/prensa\/el-gobernador-puso-en-funcionamiento-el-laboratorio-de-adn\/","title":{"rendered":"El Gobernador puso en funcionamiento el laboratorio de ADN"},"content":{"rendered":"<!DOCTYPE html PUBLIC \"-\/\/W3C\/\/DTD HTML 4.0 Transitional\/\/EN\" \"http:\/\/www.w3.org\/TR\/REC-html40\/loose.dtd\">\n<html><body><p>El Gobernador Alfredo Cornejo inaugur&oacute; el Registro Provincial de Huellas Gen&eacute;ticas Digitalizadas y el nuevo Laboratorio de Gen&eacute;tica Forense. Este registro busca contribuir al esclarecimiento de los hechos criminales, particularmente en lo relativo a la individualizaci&oacute;n de las personas responsables. Adem&aacute;s, ayuda a identificar y determinar el paradero de personas extraviadas, desaparecidas o fallecidas, a discriminar las huellas de toda persona que interviene en el lugar del hecho y a determinar posibles casos de contaminaci&oacute;n biol&oacute;gica de evidencia.<\/p>\n<p>&ldquo;Esto es un salto de calidad&rdquo;, explic&oacute; Cornejo, y agreg&oacute;: &ldquo;Estamos cargando los datos de todos los polic&iacute;as, sobre todo aquellos que van a estar en escenas del crimen. A&nbsp;penitenciarios, a las agencias de seguridad registradas que cumplen servicios extraordinarios, a condenados e imputados&rdquo;.<\/p>\n<p>Afirm&oacute; Cornejo que &ldquo;este banco de datos, cuanto m&aacute;s amplio y m&aacute;s r&aacute;pido lo tengamos, vamos a dar un salto de calidad en las investigaciones y en el proceso para las condenas. El sistema penal depende de testigos que orientan la investigaci&oacute;n pero lo indubitable son las huellas digitales y para ello estamos agrand&aacute;ndolo con una gran inversi&oacute;n. El trabajo ya comenz&oacute;, ya estamos recolectando huellas y cargando datos&rdquo;.<\/p>\n<p>El mandatario mencion&oacute;: &ldquo;No es lo mismo condenar a una persona por testimonios que por huellas digitales y huellas gen&eacute;ticas, da una certidumbre y a su vez tiene una tarea preventiva porque de este modo las personas que delinquen o est&aacute;n pensando en hacerlo, saben que hay un estado con un aparato y una pol&iacute;tica criminal detr&aacute;s para evitar que lo hagan&rdquo;.<\/p>\n<p>&ldquo;Sabemos que requiere un mayor trabajo de gesti&oacute;n de quienes trabajan en el laboratorio pero principalmente de los funcionarios judiciales y del Ministerio de Seguridad. Tenemos una doble responsabilidad para que ese banco de datos sea lo m&aacute;s amplio posible en el corto plazo ya llevamos 1.400 muestras y para fin de a&ntilde;o queremos tener a todos los procesados y condenados y, por supuesto, todo lo que el Poder Judicial haga en cada una de esas imputaciones, se hace con todo los procedimientos y con las garant&iacute;as del debido proceso&rdquo;, puntualiz&oacute; Cornejo.<\/p>\n<p>Al respecto, aclar&oacute; que &ldquo;una persona imputada que es sobrese&iacute;da queda fuera del banco de datos&rdquo;.<\/p>\n<p>Luego continu&oacute;: &ldquo;El Gobierno puso los recursos y la inversi&oacute;n para este laboratorio pero est&aacute; a entera disposici&oacute;n para que sea administrado por el Ministerio P&uacute;blico Fiscal, ning&uacute;n otro poder tiene injerencia sobre este lugar&rdquo;.<\/p>\n<p>El nuevo espacio generar&aacute; un registro no s&oacute;lo de aquellos que han delinquido sino tambi&eacute;n del personal perteneciente a la Polic&iacute;a de Mendoza, Servicio Penitenciario, Polic&iacute;a Judicial, funcionarios y\/o personal del Poder Judicial y\/o del Ministerio P&uacute;blico que intervengan en la investigaci&oacute;n penal, incluyendo contratados, y dem&aacute;s fuerzas de seguridad que operen en el territorio provincial.<\/p>\n<p>Por su parte, Alejandro Gull&eacute;, procurador &nbsp;de la Corte, dijo: &ldquo;Este es un anhelo que tenemos hace un largo tiempo, comenz&oacute; a gestarse un laboratorio forense y hoy inauguramos el registro de huellas gen&eacute;ticas digitalizadas m&aacute;s moderno del pa&iacute;s, con una tecnolog&iacute;a que nos ubica en un primer lugar&rdquo;.<\/p>\n<p>Participaron en la inauguraci&oacute;n junto al Gobernador y la vicegobernadora, Laura Montero, autoridades de los poderes Ejecutivo, Legislativo y Judicial.<\/p>\n<p>&nbsp;<\/p>\n<\/body><\/html>\n","protected":false},"excerpt":{"rendered":"Con la participaci\u00f3n de autoridades provinciales se inaugur\u00f3 el Registro Provincial de Huellas Gen\u00e9ticas Digitalizadas y el Nuevo Laboratorio de Gen\u00e9tica Forense ubicado en la calle Belgrano 179 de la Ciudad de Mendoza. Ser\u00e1 administrado por el Ministerio P\u00fablico Fiscal. ","protected":false},"author":2,"featured_media":88652,"comment_status":"open","ping_status":"open","sticky":false,"template":"","format":"standard","meta":[],"categories":[19],"tags":[],"_links":{"self":[{"href":"https:\/\/www.mendoza.gov.ar\/prensa\/wp-json\/wp\/v2\/posts\/88634"}],"collection":[{"href":"https:\/\/www.mendoza.gov.ar\/prensa\/wp-json\/wp\/v2\/posts"}],"about":[{"href":"https:\/\/www.mendoza.gov.ar\/prensa\/wp-json\/wp\/v2\/types\/post"}],"author":[{"embeddable":true,"href":"https:\/\/www.mendoza.gov.ar\/prensa\/wp-json\/wp\/v2\/users\/2"}],"replies":[{"embeddable":true,"href":"https:\/\/www.mendoza.gov.ar\/prensa\/wp-json\/wp\/v2\/comments?post=88634"}],"version-history":[{"count":0,"href":"https:\/\/www.mendoza.gov.ar\/prensa\/wp-json\/wp\/v2\/posts\/88634\/revisions"}],"wp:featuredmedia":[{"embeddable":true,"href":"https:\/\/www.mendoza.gov.ar\/prensa\/wp-json\/wp\/v2\/media\/88652"}],"wp:attachment":[{"href":"https:\/\/www.mendoza.gov.ar\/prensa\/wp-json\/wp\/v2\/media?parent=88634"}],"wp:term":[{"taxonomy":"category","embeddable":true,"href":"https:\/\/www.mendoza.gov.ar\/prensa\/wp-json\/wp\/v2\/categories?post=88634"},{"taxonomy":"post_tag","embeddable":true,"href":"https:\/\/www.mendoza.gov.ar\/prensa\/wp-json\/wp\/v2\/tags?post=88634"}],"curies":[{"name":"wp","href":"https:\/\/api.w.org\/{rel}","templated":true}]}}