{"id":88730,"date":"2017-05-04T10:13:19","date_gmt":"2017-05-04T13:13:19","guid":{"rendered":"http:\/\/prensa.mendoza.gov.ar\/?p=88730"},"modified":"2017-09-08T10:35:29","modified_gmt":"2017-09-08T13:35:29","slug":"desvios-de-transporte-en-san-martin-y-beltran-de-ciudad","status":"publish","type":"post","link":"https:\/\/www.mendoza.gov.ar\/prensa\/desvios-de-transporte-en-san-martin-y-beltran-de-ciudad\/","title":{"rendered":"Desv\u00edos de Transporte en San Mart\u00edn y Beltr\u00e1n de Ciudad"},"content":{"rendered":"<!DOCTYPE html PUBLIC \"-\/\/W3C\/\/DTD HTML 4.0 Transitional\/\/EN\" \"http:\/\/www.w3.org\/TR\/REC-html40\/loose.dtd\">\n<html><body><p>Por los trabajos que lleva adelante la Municipalidad de la Ciudad de Mendoza, se&nbsp;realizar&aacute; un nuevo corte de tr&aacute;nsito y desv&iacute;o del transporte regular en la intersecci&oacute;n de San Mart&iacute;n y Beltr&aacute;n.<\/p>\n<p>Las modificaciones de recorrido tendr&aacute;n una duraci&oacute;n de 20 d&iacute;as y afectar&aacute;n los siguientes servicios:<\/p>\n<ol>\n<li><strong>Grupo 4, l&iacute;neas 41-42-43-45-46&nbsp;<\/strong>tomar&aacute;n por Salta, Urquiza, Eusebio Blanco, 9 de Julio y retomar&aacute;n su traza habitual.<\/li>\n<li><strong>STM, L&iacute;nea Unimev-Pedro Molina,<em>&nbsp;<\/em><\/strong>temporalmente ir&aacute; por Beltr&aacute;n, Rioja, Urquiza, Eusebio Blanco, 9 de Julio para continuar con su recorrido normal.<\/li>\n<\/ol>\n<\/body><\/html>\n","protected":false},"excerpt":{"rendered":"Es por los trabajos que realiza la Municipalidad. Se extender\u00e1 20 d\u00edas.","protected":false},"author":2,"featured_media":88750,"comment_status":"open","ping_status":"open","sticky":false,"template":"","format":"standard","meta":[],"categories":[34],"tags":[],"_links":{"self":[{"href":"https:\/\/www.mendoza.gov.ar\/prensa\/wp-json\/wp\/v2\/posts\/88730"}],"collection":[{"href":"https:\/\/www.mendoza.gov.ar\/prensa\/wp-json\/wp\/v2\/posts"}],"about":[{"href":"https:\/\/www.mendoza.gov.ar\/prensa\/wp-json\/wp\/v2\/types\/post"}],"author":[{"embeddable":true,"href":"https:\/\/www.mendoza.gov.ar\/prensa\/wp-json\/wp\/v2\/users\/2"}],"replies":[{"embeddable":true,"href":"https:\/\/www.mendoza.gov.ar\/prensa\/wp-json\/wp\/v2\/comments?post=88730"}],"version-history":[{"count":1,"href":"https:\/\/www.mendoza.gov.ar\/prensa\/wp-json\/wp\/v2\/posts\/88730\/revisions"}],"predecessor-version":[{"id":102947,"href":"https:\/\/www.mendoza.gov.ar\/prensa\/wp-json\/wp\/v2\/posts\/88730\/revisions\/102947"}],"wp:featuredmedia":[{"embeddable":true,"href":"https:\/\/www.mendoza.gov.ar\/prensa\/wp-json\/wp\/v2\/media\/88750"}],"wp:attachment":[{"href":"https:\/\/www.mendoza.gov.ar\/prensa\/wp-json\/wp\/v2\/media?parent=88730"}],"wp:term":[{"taxonomy":"category","embeddable":true,"href":"https:\/\/www.mendoza.gov.ar\/prensa\/wp-json\/wp\/v2\/categories?post=88730"},{"taxonomy":"post_tag","embeddable":true,"href":"https:\/\/www.mendoza.gov.ar\/prensa\/wp-json\/wp\/v2\/tags?post=88730"}],"curies":[{"name":"wp","href":"https:\/\/api.w.org\/{rel}","templated":true}]}}