{"id":88764,"date":"2017-05-04T11:47:26","date_gmt":"2017-05-04T14:47:26","guid":{"rendered":"http:\/\/prensa.mendoza.gov.ar\/?p=88764"},"modified":"2017-05-04T11:47:26","modified_gmt":"2017-05-04T14:47:26","slug":"transporte-publico-mas-frecuencias-para-el-b-la-estanzuela","status":"publish","type":"post","link":"https:\/\/www.mendoza.gov.ar\/prensa\/transporte-publico-mas-frecuencias-para-el-b-la-estanzuela\/","title":{"rendered":"Transporte p\u00fablico: m\u00e1s frecuencias para el barrio La Estanzuela"},"content":{"rendered":"<!DOCTYPE html PUBLIC \"-\/\/W3C\/\/DTD HTML 4.0 Transitional\/\/EN\" \"http:\/\/www.w3.org\/TR\/REC-html40\/loose.dtd\">\n<html><body><p>Debido a la creciente demanda de servicio p&uacute;blico de transporte en la zona del barrio La Estanzuela, se reforzar&aacute; la l&iacute;nea 32, &ldquo;La Estanzuela por Paso de los Andes&rdquo;, que presta el Grupo 3 con ocho&nbsp;frecuencias.<\/p>\n<p>El beneficio comenzar&aacute; a regir a partir de ma&ntilde;ana, viernes 5.<\/p>\n<p>Actualmente la l&iacute;nea cumple el servicio con 114 frecuencias diarias los d&iacute;as de semana y, con este incremento, pasar&aacute; a hacerlo con 122.<\/p>\n<p>El recorrido que realiza es el siguiente, saliendo desde el control de la empresa: Cervantes, Puente Olive, Sarmiento, Tiburcio Benegas, Olmo Z&aacute;rate, Los Cardos, Arturo Illia, Chuquisaca, Salvador Civit, J. V. Gonz&aacute;lez, Paso de los Andes, Rufino Ortega, San Lorenzo, 25 de Mayo, Pedro Molina, Prolongaci&oacute;n Chile, Peltier, Av. Espa&ntilde;a, Montevideo, Per&uacute;, Las Heras, Patricias Mendocinas, Virgen del Carmen de Cuyo, Peltier, Pueyrred&oacute;n, Mart&iacute;nez de Rosas, M. Moreno, Paso de los Andes, J. V.&nbsp; Gonz&aacute;lez, Salvador Civit, Chuquisaca, Arturo Illia, Los Cardos, Olmo Z&aacute;rate, Tiburcio Benegas, J. V. Gonz&aacute;lez, Gral. Paz, Col&oacute;n, Tiburcio Benegas, Sarmiento, Puente Olive, Cervantes, Control.<\/p>\n<p><strong>M&aacute;s beneficios para la zona<\/strong><\/p>\n<p>Hace un tiempo se instal&oacute; en la Comisar&iacute;a 40 del barrio una terminal de autocarga para recargar la tarjeta red bus. Funciona las 24 horas, nunca se queda sin cr&eacute;dito, recibe billetes de $10, $20, $50 y $100, la carga se acredita en el momento, y un dato muy importante es que no da vuelto.<\/p>\n<p>Esta y otras m&aacute;quinas, ubicadas en el barrio La Gloria, Hospitales Notti y Lagomaggiore, fueron instaladas para dar soluci&oacute;n a los inconvenientes que se le presentaban al usuario al recargar su red bus, ya sea por faltante de negocios habilitados o bien porque no ten&iacute;an monto para la transacci&oacute;n.<\/p>\n<\/body><\/html>\n","protected":false},"excerpt":{"rendered":"A partir de ma\u00f1ana viernes, la l\u00ednea 32 pasar\u00e1 a tener ocho frecuencias m\u00e1s, de lunes a viernes.","protected":false},"author":2,"featured_media":88765,"comment_status":"open","ping_status":"open","sticky":false,"template":"","format":"standard","meta":[],"categories":[34],"tags":[],"_links":{"self":[{"href":"https:\/\/www.mendoza.gov.ar\/prensa\/wp-json\/wp\/v2\/posts\/88764"}],"collection":[{"href":"https:\/\/www.mendoza.gov.ar\/prensa\/wp-json\/wp\/v2\/posts"}],"about":[{"href":"https:\/\/www.mendoza.gov.ar\/prensa\/wp-json\/wp\/v2\/types\/post"}],"author":[{"embeddable":true,"href":"https:\/\/www.mendoza.gov.ar\/prensa\/wp-json\/wp\/v2\/users\/2"}],"replies":[{"embeddable":true,"href":"https:\/\/www.mendoza.gov.ar\/prensa\/wp-json\/wp\/v2\/comments?post=88764"}],"version-history":[{"count":0,"href":"https:\/\/www.mendoza.gov.ar\/prensa\/wp-json\/wp\/v2\/posts\/88764\/revisions"}],"wp:featuredmedia":[{"embeddable":true,"href":"https:\/\/www.mendoza.gov.ar\/prensa\/wp-json\/wp\/v2\/media\/88765"}],"wp:attachment":[{"href":"https:\/\/www.mendoza.gov.ar\/prensa\/wp-json\/wp\/v2\/media?parent=88764"}],"wp:term":[{"taxonomy":"category","embeddable":true,"href":"https:\/\/www.mendoza.gov.ar\/prensa\/wp-json\/wp\/v2\/categories?post=88764"},{"taxonomy":"post_tag","embeddable":true,"href":"https:\/\/www.mendoza.gov.ar\/prensa\/wp-json\/wp\/v2\/tags?post=88764"}],"curies":[{"name":"wp","href":"https:\/\/api.w.org\/{rel}","templated":true}]}}