{"id":88941,"date":"2017-05-06T07:00:22","date_gmt":"2017-05-06T10:00:22","guid":{"rendered":"http:\/\/prensa.mendoza.gov.ar\/?p=88941"},"modified":"2017-05-06T07:00:22","modified_gmt":"2017-05-06T10:00:22","slug":"desvios-de-transporte-por-obras-para-mejorar-los-alrededores-de-la-plaza-independencia","status":"publish","type":"post","link":"https:\/\/www.mendoza.gov.ar\/prensa\/desvios-de-transporte-por-obras-para-mejorar-los-alrededores-de-la-plaza-independencia\/","title":{"rendered":"Desv\u00edos de transporte por obras para mejorar los alrededores de la Plaza Independencia"},"content":{"rendered":"<!DOCTYPE html PUBLIC \"-\/\/W3C\/\/DTD HTML 4.0 Transitional\/\/EN\" \"http:\/\/www.w3.org\/TR\/REC-html40\/loose.dtd\">\n<html><body><p>Por las obras de&nbsp;la Municipalidad de la Ciudad de Mendoza en la calle Patricias Mendocinas, habr&aacute; desv&iacute;os de algunos servicios que circulan por la zona.<\/p>\n<p>Los coches que deber&aacute;n modificar su traza son los siguientes:<\/p>\n<p>* Grupo 2. L&iacute;neas A21-23-25.<\/p>\n<p>* Grupo 2. L&iacute;neas B21-23-25-26-27.<\/p>\n<p>* Grupo 3. L&iacute;neas 31-32-112.<\/p>\n<p>* Grupo 4. L&iacute;neas 41-42-43-44-45-46.<\/p>\n<p>* Grupo 4. L&iacute;neas 81-82-83-84-86-87.<\/p>\n<p>En todos los casos, tomar&aacute;n por Patricias Mendocinas, Necochea, 25 de Mayo, Rivadavia, Patricias Mendocinas y retornan a su recorrido normal.<\/p>\n<p>Por otra parte, se ha determinado como parada alternativa la intersecci&oacute;n de Patricias Mendocinas y Rivadavia.<\/p>\n<p><a href=\"https:\/\/www.mendoza.gov.ar\/prensa\/wp-content\/uploads\/sites\/23\/Este%C3%ACtica-Obras-Colectivos-CAMBIOS-27-03-04-1.jpeg\"><img loading=\"lazy\" class=\"alignnone wp-image-88943 img-responsive center-block\" src=\"https:\/\/www.mendoza.gov.ar\/prensa\/wp-content\/uploads\/sites\/23\/Este%C3%ACtica-Obras-Colectivos-CAMBIOS-27-03-04-1.jpeg\" alt=\"\" width=\"650\" height=\"460\"><\/a><\/p>\n<p>Para m&aacute;s informaci&oacute;n, consultar en facebook.com\/MiRecorrido o descargar la aplicaci&oacute;n Mi Recorrido.<\/p>\n<\/body><\/html>\n","protected":false},"excerpt":{"rendered":"Por trabajos sobre calle Patricias Mendocinas de Ciudad, y por 30 d\u00edas, se modificar\u00e1n algunos recorridos. Adem\u00e1s de facilitar los trabajos, el objetivo es brindar m\u00e1s seguridad al usuario. ","protected":false},"author":2,"featured_media":88942,"comment_status":"open","ping_status":"open","sticky":false,"template":"","format":"standard","meta":[],"categories":[34],"tags":[],"_links":{"self":[{"href":"https:\/\/www.mendoza.gov.ar\/prensa\/wp-json\/wp\/v2\/posts\/88941"}],"collection":[{"href":"https:\/\/www.mendoza.gov.ar\/prensa\/wp-json\/wp\/v2\/posts"}],"about":[{"href":"https:\/\/www.mendoza.gov.ar\/prensa\/wp-json\/wp\/v2\/types\/post"}],"author":[{"embeddable":true,"href":"https:\/\/www.mendoza.gov.ar\/prensa\/wp-json\/wp\/v2\/users\/2"}],"replies":[{"embeddable":true,"href":"https:\/\/www.mendoza.gov.ar\/prensa\/wp-json\/wp\/v2\/comments?post=88941"}],"version-history":[{"count":0,"href":"https:\/\/www.mendoza.gov.ar\/prensa\/wp-json\/wp\/v2\/posts\/88941\/revisions"}],"wp:featuredmedia":[{"embeddable":true,"href":"https:\/\/www.mendoza.gov.ar\/prensa\/wp-json\/wp\/v2\/media\/88942"}],"wp:attachment":[{"href":"https:\/\/www.mendoza.gov.ar\/prensa\/wp-json\/wp\/v2\/media?parent=88941"}],"wp:term":[{"taxonomy":"category","embeddable":true,"href":"https:\/\/www.mendoza.gov.ar\/prensa\/wp-json\/wp\/v2\/categories?post=88941"},{"taxonomy":"post_tag","embeddable":true,"href":"https:\/\/www.mendoza.gov.ar\/prensa\/wp-json\/wp\/v2\/tags?post=88941"}],"curies":[{"name":"wp","href":"https:\/\/api.w.org\/{rel}","templated":true}]}}