{"id":89224,"date":"2017-05-08T09:36:57","date_gmt":"2017-05-08T12:36:57","guid":{"rendered":"http:\/\/prensa.mendoza.gov.ar\/?p=89224"},"modified":"2017-05-08T09:36:57","modified_gmt":"2017-05-08T12:36:57","slug":"mas-de-600-productores-del-este-interesados-en-reconvertir-sus-vides","status":"publish","type":"post","link":"https:\/\/www.mendoza.gov.ar\/prensa\/mas-de-600-productores-del-este-interesados-en-reconvertir-sus-vides\/","title":{"rendered":"M\u00e1s de 600 productores del Este interesados en reconvertir sus vides"},"content":{"rendered":"<!DOCTYPE html PUBLIC \"-\/\/W3C\/\/DTD HTML 4.0 Transitional\/\/EN\" \"http:\/\/www.w3.org\/TR\/REC-html40\/loose.dtd\">\n<html><body><div id=\"m_-1316595798061533267yui_3_16_0_ym19_1_1494244289786_7509\" class=\"m_-1316595798061533267yiv9907505067MsoNormal\">Un amplio inter&eacute;s mostr&oacute; el sector productivo de la zona Este en adherir al programa de adaptaci&oacute;n del parque varietal que el Gobierno puso en marcha con el fin de mejorar la competitividad y la rentabilidad de los peque&ntilde;os productores de la provincia.<\/div>\n<div id=\"m_-1316595798061533267yui_3_16_0_ym19_1_1494244289786_7547\" class=\"m_-1316595798061533267yiv9907505067MsoNormal\"><\/div>\n<div id=\"m_-1316595798061533267yui_3_16_0_ym19_1_1494244289786_7549\" class=\"m_-1316595798061533267yiv9907505067MsoNormal\"><span id=\"m_-1316595798061533267yui_3_16_0_ym19_1_1494244289786_7548\">La preinscripci&oacute;n para adherir al programa super&oacute; las expectativas para la primera etapa y el ministro de Econom&iacute;a, Infraestructura y Energ&iacute;a, Mart&iacute;n Kerchner, lo puso de manifiesto durante una recorrida que hizo por el departamento de San Mart&iacute;n.&nbsp;<\/span>&ldquo;Hemos recibido 628 solicitudes de cr&eacute;dito, lo que se traduce en 1.200 hect&aacute;reas inscriptas de las 1.000 que esper&aacute;bamos, eso muestra que hay un inter&eacute;s del sector productivo de mejorar e ir reconvirtiendo&rdquo;, asever&oacute; el funcionario.<\/div>\n<div id=\"m_-1316595798061533267yui_3_16_0_ym19_1_1494244289786_7563\" class=\"m_-1316595798061533267yiv9907505067MsoNormal\"><\/div>\n<div id=\"m_-1316595798061533267yui_3_16_0_ym19_1_1494244289786_7565\" class=\"m_-1316595798061533267yiv9907505067MsoNormal\"><span id=\"m_-1316595798061533267yui_3_16_0_ym19_1_1494244289786_7564\">Si bien el objetivo de la gesti&oacute;n de Alfredo Cornejo es llegar transformar 5.000 hect&aacute;reas de uvas criollas por tintas, que son las de mayor demanda actual, en esta primera etapa s&oacute;lo se har&aacute; una quinta parte mientras se gestionan nuevos fondos para abarcar m&aacute;s productores. &nbsp;<\/span><\/div>\n<div id=\"m_-1316595798061533267yui_3_16_0_ym19_1_1494244289786_7574\" class=\"m_-1316595798061533267yiv9907505067MsoNormal\"><\/div>\n<div id=\"m_-1316595798061533267yui_3_16_0_ym19_1_1494244289786_7573\" class=\"m_-1316595798061533267yiv9907505067MsoNormal\"><span id=\"m_-1316595798061533267yui_3_16_0_ym19_1_1494244289786_7572\">&ldquo;Estamos viendo si podemos ampliar la l&iacute;nea de cr&eacute;dito ahora o bien, incorporar una partida espec&iacute;fica en el presupuesto del pr&oacute;ximo a&ntilde;o&rdquo;, explic&oacute; el ministro. Es que en esta instancia s&oacute;lo se disponen de $24 millones que comprometi&oacute; la Naci&oacute;n y &nbsp;por tanto, el objetivo es llegar hasta las 1.000 hect&aacute;reas este a&ntilde;o.<\/span><\/div>\n<div class=\"m_-1316595798061533267yiv9907505067MsoNormal\"><\/div>\n<div class=\"m_-1316595798061533267yiv9907505067MsoNormal\"><strong>L&iacute;nea de cr&eacute;dito<\/strong><\/div>\n<div id=\"m_-1316595798061533267yui_3_16_0_ym19_1_1494244289786_7581\" class=\"m_-1316595798061533267yiv9907505067MsoNormal\"><\/div>\n<div id=\"m_-1316595798061533267yui_3_16_0_ym19_1_1494244289786_7583\" class=\"m_-1316595798061533267yiv9907505067MsoNormal\"><span id=\"m_-1316595798061533267yui_3_16_0_ym19_1_1494244289786_7582\">La l&iacute;nea de cr&eacute;dito est&aacute; destinada a peque&ntilde;os viticultores, que posean hasta 20 hect&aacute;reas y cuya actividad principal sea la agr&iacute;cola.<\/span><\/div>\n<div id=\"m_-1316595798061533267yui_3_16_0_ym19_1_1494244289786_7586\" class=\"m_-1316595798061533267yiv9907505067MsoNormal\"><\/div>\n<div id=\"m_-1316595798061533267yui_3_16_0_ym19_1_1494244289786_7589\" class=\"m_-1316595798061533267yiv9907505067MsoNormal\"><span id=\"m_-1316595798061533267yui_3_16_0_ym19_1_1494244289786_7588\">Luego de que el Instituto de Desarrollo Rural apruebe las solicitudes presentadas, el productor podr&aacute; acceder a la l&iacute;nea de cr&eacute;dito que prev&eacute; un <\/span><span id=\"m_-1316595798061533267yui_3_16_0_ym19_1_1494244289786_7590\" lang=\"ES-TRAD\">monto m&aacute;ximo de $300.000, con el beneficio de la tasa cero, hasta dos a&ntilde;os de gracia y cinco para la devoluci&oacute;n. &nbsp;<\/span><span id=\"m_-1316595798061533267yui_3_16_0_ym19_1_1494244289786_7834\" lang=\"ES-TRAD\">El pr&eacute;stamo podr&aacute; destinarse a adquisici&oacute;n de m<\/span><span id=\"m_-1316595798061533267yui_3_16_0_ym19_1_1494244289786_7592\">ateriales y mano de obra para reconversi&oacute;n varietal, ya sea por injertaci&oacute;n o replante, reposici&oacute;n de estructura y\/o de plantas en espaldero o parral, materiales para colocaci&oacute;n de malla antigranizo y riego por goteo (excepto mano de obra), mejoras en los sistemas de riego actuales.&nbsp;<\/span><\/div>\n<\/body><\/html>\n","protected":false},"excerpt":{"rendered":"Hay m\u00e1s de 1.200 hect\u00e1reas preinscriptas para recambio varietal. El objetivo es alcanzar 5.000 hect\u00e1reas en los pr\u00f3ximos cuatro a\u00f1os. \u00a0","protected":false},"author":2,"featured_media":89229,"comment_status":"open","ping_status":"open","sticky":false,"template":"","format":"standard","meta":[],"categories":[1],"tags":[],"_links":{"self":[{"href":"https:\/\/www.mendoza.gov.ar\/prensa\/wp-json\/wp\/v2\/posts\/89224"}],"collection":[{"href":"https:\/\/www.mendoza.gov.ar\/prensa\/wp-json\/wp\/v2\/posts"}],"about":[{"href":"https:\/\/www.mendoza.gov.ar\/prensa\/wp-json\/wp\/v2\/types\/post"}],"author":[{"embeddable":true,"href":"https:\/\/www.mendoza.gov.ar\/prensa\/wp-json\/wp\/v2\/users\/2"}],"replies":[{"embeddable":true,"href":"https:\/\/www.mendoza.gov.ar\/prensa\/wp-json\/wp\/v2\/comments?post=89224"}],"version-history":[{"count":0,"href":"https:\/\/www.mendoza.gov.ar\/prensa\/wp-json\/wp\/v2\/posts\/89224\/revisions"}],"wp:featuredmedia":[{"embeddable":true,"href":"https:\/\/www.mendoza.gov.ar\/prensa\/wp-json\/wp\/v2\/media\/89229"}],"wp:attachment":[{"href":"https:\/\/www.mendoza.gov.ar\/prensa\/wp-json\/wp\/v2\/media?parent=89224"}],"wp:term":[{"taxonomy":"category","embeddable":true,"href":"https:\/\/www.mendoza.gov.ar\/prensa\/wp-json\/wp\/v2\/categories?post=89224"},{"taxonomy":"post_tag","embeddable":true,"href":"https:\/\/www.mendoza.gov.ar\/prensa\/wp-json\/wp\/v2\/tags?post=89224"}],"curies":[{"name":"wp","href":"https:\/\/api.w.org\/{rel}","templated":true}]}}