{"id":89236,"date":"2017-05-08T10:32:00","date_gmt":"2017-05-08T13:32:00","guid":{"rendered":"http:\/\/prensa.mendoza.gov.ar\/?p=89236"},"modified":"2017-05-08T10:32:00","modified_gmt":"2017-05-08T13:32:00","slug":"desvio-del-transporte-publico-en-calle-peru","status":"publish","type":"post","link":"https:\/\/www.mendoza.gov.ar\/prensa\/desvio-del-transporte-publico-en-calle-peru\/","title":{"rendered":"Desv\u00edo del transporte p\u00fablico en calle Per\u00fa"},"content":{"rendered":"<!DOCTYPE html PUBLIC \"-\/\/W3C\/\/DTD HTML 4.0 Transitional\/\/EN\" \"http:\/\/www.w3.org\/TR\/REC-html40\/loose.dtd\">\n<html><body><p style=\"text-align: left\">Un nuevo desv&iacute;o de transporte se suma a los vigentes en el Gran Mendoza. Se efect&uacute;a a ra&iacute;z de las obras de asfalto que la Municipalidad de Ciudad realiza en calle Per&uacute; entre Necochea y Las Heras.<\/p>\n<p>Por ese motivo, se modificar&aacute;n los recorridos de las siguientes l&iacute;neas:<\/p>\n<p>Grupo 2: Todas sus l&iacute;neas.<\/p>\n<p>Grupo 3: l&iacute;neas 31 y 32.<\/p>\n<p>Grupo 4. l&iacute;neas 44, 82, 83 y 87.<\/p>\n<p>Grupo 7: l&iacute;neas 123 y 124.<\/p>\n<p>Las unidades circular&aacute;n por Per&uacute;, Montevideo, Belgrano y Av. Las Heras, y&nbsp;recorridos habituales.<\/p>\n<p>Un dato importante para que los usuarios tengan presente es que se respetar&aacute;n las paradas establecidas en todo el trayecto.<\/p>\n<\/body><\/html>\n","protected":false},"excerpt":{"rendered":"Ser\u00e1 por 30 d\u00edas y afecta a los grupos 2, 3, 4 y 7.","protected":false},"author":2,"featured_media":89242,"comment_status":"open","ping_status":"open","sticky":false,"template":"","format":"standard","meta":[],"categories":[34],"tags":[],"_links":{"self":[{"href":"https:\/\/www.mendoza.gov.ar\/prensa\/wp-json\/wp\/v2\/posts\/89236"}],"collection":[{"href":"https:\/\/www.mendoza.gov.ar\/prensa\/wp-json\/wp\/v2\/posts"}],"about":[{"href":"https:\/\/www.mendoza.gov.ar\/prensa\/wp-json\/wp\/v2\/types\/post"}],"author":[{"embeddable":true,"href":"https:\/\/www.mendoza.gov.ar\/prensa\/wp-json\/wp\/v2\/users\/2"}],"replies":[{"embeddable":true,"href":"https:\/\/www.mendoza.gov.ar\/prensa\/wp-json\/wp\/v2\/comments?post=89236"}],"version-history":[{"count":0,"href":"https:\/\/www.mendoza.gov.ar\/prensa\/wp-json\/wp\/v2\/posts\/89236\/revisions"}],"wp:featuredmedia":[{"embeddable":true,"href":"https:\/\/www.mendoza.gov.ar\/prensa\/wp-json\/wp\/v2\/media\/89242"}],"wp:attachment":[{"href":"https:\/\/www.mendoza.gov.ar\/prensa\/wp-json\/wp\/v2\/media?parent=89236"}],"wp:term":[{"taxonomy":"category","embeddable":true,"href":"https:\/\/www.mendoza.gov.ar\/prensa\/wp-json\/wp\/v2\/categories?post=89236"},{"taxonomy":"post_tag","embeddable":true,"href":"https:\/\/www.mendoza.gov.ar\/prensa\/wp-json\/wp\/v2\/tags?post=89236"}],"curies":[{"name":"wp","href":"https:\/\/api.w.org\/{rel}","templated":true}]}}