{"id":89258,"date":"2017-05-08T12:41:05","date_gmt":"2017-05-08T15:41:05","guid":{"rendered":"http:\/\/prensa.mendoza.gov.ar\/?p=89258"},"modified":"2017-05-08T12:41:05","modified_gmt":"2017-05-08T15:41:05","slug":"polilla-de-la-vid-el-31-de-mayo-vence-la-inscripcion-para-recibir-insumos-de-control-en-forma-gratuita","status":"publish","type":"post","link":"https:\/\/www.mendoza.gov.ar\/prensa\/polilla-de-la-vid-el-31-de-mayo-vence-la-inscripcion-para-recibir-insumos-de-control-en-forma-gratuita\/","title":{"rendered":"Polilla de la vid: el 31 de mayo vence la inscripci\u00f3n para recibir insumos de control gratuitos"},"content":{"rendered":"<!DOCTYPE html PUBLIC \"-\/\/W3C\/\/DTD HTML 4.0 Transitional\/\/EN\" \"http:\/\/www.w3.org\/TR\/REC-html40\/loose.dtd\">\n<html><body><div id=\"m_6657067160281016594yui_3_16_0_ym19_1_1494244289786_56808\" class=\"m_6657067160281016594yiv7069476982MsoNormal\">A trav&eacute;s de las delegaciones del Instituto de Sanidad y Calidad Agroalimentaria (Iscamen), contin&uacute;a la inscripci&oacute;n de productores vitivin&iacute;colas de Mendoza para el combate de la plaga, que es obligatorio. Hay que recordar que quienes no se inscriban no podr&aacute;n acceder a los beneficios.<\/div>\n<div id=\"m_6657067160281016594yui_3_16_0_ym19_1_1494244289786_56916\" class=\"m_6657067160281016594yiv7069476982MsoNormal\"><\/div>\n<div id=\"m_6657067160281016594yui_3_16_0_ym19_1_1494244289786_56838\" class=\"m_6657067160281016594yiv7069476982MsoNormal\"><span id=\"m_6657067160281016594yui_3_16_0_ym19_1_1494244289786_56837\">A fin de implementar una estrategia de control simult&aacute;nea y generalizada contra la plaga, todos los productores deben inscribirse para acceder a los insumos. De esta manera, se busca reducir la presi&oacute;n de&nbsp;Lobesia botrana&nbsp;sobre los vi&ntilde;edos mendocinos.<\/span><\/div>\n<div id=\"m_6657067160281016594yui_3_16_0_ym19_1_1494244289786_56914\" class=\"m_6657067160281016594yiv7069476982MsoNormal\"><\/div>\n<div id=\"m_6657067160281016594yui_3_16_0_ym19_1_1494244289786_56840\" class=\"m_6657067160281016594yiv7069476982MsoNormal\"><span id=\"m_6657067160281016594yui_3_16_0_ym19_1_1494244289786_56839\">Hasta el 31 de mayo, los productores tendr&aacute;n tiempo para anotarse en la delegaci&oacute;n de Iscamen m&aacute;s cercana, de 9 a 15. Adem&aacute;s, con el fin de agilizar el registro de los m&aacute;s de 16 mil productores con presencia del insecto en sus cultivos, se incorporaron todos los municipios de la provincia como centros de inscripci&oacute;n, en horario de ma&ntilde;ana. &nbsp;<\/span><\/div>\n<div id=\"m_6657067160281016594yui_3_16_0_ym19_1_1494244289786_56958\" class=\"m_6657067160281016594yiv7069476982MsoNormal\"><\/div>\n<div id=\"m_6657067160281016594yui_3_16_0_ym19_1_1494244289786_56842\" class=\"m_6657067160281016594yiv7069476982MsoNormal\"><span id=\"m_6657067160281016594yui_3_16_0_ym19_1_1494244289786_56841\">Tras seis a&ntilde;os de avance constante de la plaga, que en la actualidad afecta a la mayor parte de las hect&aacute;reas cultivadas en la provincia, el Gobierno nacional ha destinado $400 millones para implementar pol&iacute;ticas activas de control en las provincias afectadas.&nbsp;<\/span>Adem&aacute;s, se ha previsto&nbsp;el desarrollo de una importante campa&ntilde;a de concientizaci&oacute;n y capacitaci&oacute;n sobre&nbsp;la biolog&iacute;a del insecto, los severos da&ntilde;os que ocasiona en los cultivos, el impacto econ&oacute;mico que provoca&nbsp; y el correcto empleo de los insumos de control para lograr &oacute;ptimos resultados, puesto que la comprensi&oacute;n y el compromiso de cada productor son cruciales para el &eacute;xito del programa.<\/div>\n<div id=\"m_6657067160281016594yui_3_16_0_ym19_1_1494244289786_56845\" class=\"m_6657067160281016594yiv7069476982MsoNormal\"><b>&nbsp;<\/b><\/div>\n<div id=\"m_6657067160281016594yui_3_16_0_ym19_1_1494244289786_56959\" class=\"m_6657067160281016594yiv7069476982MsoNormal\"><b>Requisitos para acceder a los beneficios<\/b><\/div>\n<ul id=\"m_6657067160281016594yui_3_16_0_ym19_1_1494244289786_56848\" type=\"disc\">\n<li id=\"m_6657067160281016594yui_3_16_0_ym19_1_1494244289786_56969\" class=\"m_6657067160281016594yiv7069476982MsoNormal\">Fotocopia del DNI&nbsp;de quien se presente a inscribir la propiedad. En caso de no ser el titular (encargado, administrador, sucesiones, etc.), presentar autorizaci&oacute;n o copia del poder.<\/li>\n<li id=\"m_6657067160281016594yui_3_16_0_ym19_1_1494244289786_56970\" class=\"m_6657067160281016594yiv7069476982MsoNormal\">En caso de corresponder, copia de constituci&oacute;n de sociedad o contrato social.<\/li>\n<li class=\"m_6657067160281016594yiv7069476982MsoNormal\">Impresi&oacute;n del CUIT&nbsp;del titular o de la entidad que lleva adelante la explotaci&oacute;n (seg&uacute;n corresponda).<\/li>\n<li id=\"m_6657067160281016594yui_3_16_0_ym19_1_1494244289786_56847\" class=\"m_6657067160281016594yiv7069476982MsoNormal\">Fotocopia del t&iacute;tulo de la propiedad.<\/li>\n<li id=\"m_6657067160281016594yui_3_16_0_ym19_1_1494244289786_56972\" class=\"m_6657067160281016594yiv7069476982MsoNormal\">Fotocopia del RENSPA-RUT&nbsp;actualizado de la\/s propiedad\/es a inscribir.<\/li>\n<li id=\"m_6657067160281016594yui_3_16_0_ym19_1_1494244289786_56974\" class=\"m_6657067160281016594yiv7069476982MsoNormal\">Resultado de &uacute;ltimo censo vit&iacute;cola efectuado por el INV.<\/li>\n<li id=\"m_6657067160281016594yui_3_16_0_ym19_1_1494244289786_56896\" class=\"m_6657067160281016594yiv7069476982MsoNormal\">&Uacute;ltimo boleto emitido por el Departamento General de Irrigaci&oacute;n.<\/li>\n<\/ul>\n<\/body><\/html>\n","protected":false},"excerpt":{"rendered":"El registro forma parte del plan operativo de control para la siguiente campa\u00f1a agr\u00edcola a fin de proteger 160 mil hect\u00e1reas de vid.","protected":false},"author":2,"featured_media":89259,"comment_status":"open","ping_status":"open","sticky":false,"template":"","format":"standard","meta":[],"categories":[1],"tags":[],"_links":{"self":[{"href":"https:\/\/www.mendoza.gov.ar\/prensa\/wp-json\/wp\/v2\/posts\/89258"}],"collection":[{"href":"https:\/\/www.mendoza.gov.ar\/prensa\/wp-json\/wp\/v2\/posts"}],"about":[{"href":"https:\/\/www.mendoza.gov.ar\/prensa\/wp-json\/wp\/v2\/types\/post"}],"author":[{"embeddable":true,"href":"https:\/\/www.mendoza.gov.ar\/prensa\/wp-json\/wp\/v2\/users\/2"}],"replies":[{"embeddable":true,"href":"https:\/\/www.mendoza.gov.ar\/prensa\/wp-json\/wp\/v2\/comments?post=89258"}],"version-history":[{"count":0,"href":"https:\/\/www.mendoza.gov.ar\/prensa\/wp-json\/wp\/v2\/posts\/89258\/revisions"}],"wp:featuredmedia":[{"embeddable":true,"href":"https:\/\/www.mendoza.gov.ar\/prensa\/wp-json\/wp\/v2\/media\/89259"}],"wp:attachment":[{"href":"https:\/\/www.mendoza.gov.ar\/prensa\/wp-json\/wp\/v2\/media?parent=89258"}],"wp:term":[{"taxonomy":"category","embeddable":true,"href":"https:\/\/www.mendoza.gov.ar\/prensa\/wp-json\/wp\/v2\/categories?post=89258"},{"taxonomy":"post_tag","embeddable":true,"href":"https:\/\/www.mendoza.gov.ar\/prensa\/wp-json\/wp\/v2\/tags?post=89258"}],"curies":[{"name":"wp","href":"https:\/\/api.w.org\/{rel}","templated":true}]}}