{"id":89429,"date":"2017-05-09T21:59:05","date_gmt":"2017-05-10T00:59:05","guid":{"rendered":"http:\/\/prensa.mendoza.gov.ar\/?p=89429"},"modified":"2017-05-09T21:59:05","modified_gmt":"2017-05-10T00:59:05","slug":"osep-firmo-un-convenio-de-reciprocidad-con-se-m-pre-de-la-pampa","status":"publish","type":"post","link":"https:\/\/www.mendoza.gov.ar\/prensa\/osep-firmo-un-convenio-de-reciprocidad-con-se-m-pre-de-la-pampa\/","title":{"rendered":"OSEP firm\u00f3 un convenio de reciprocidad con SEMPRE, de La Pampa"},"content":{"rendered":"<!DOCTYPE html PUBLIC \"-\/\/W3C\/\/DTD HTML 4.0 Transitional\/\/EN\" \"http:\/\/www.w3.org\/TR\/REC-html40\/loose.dtd\">\n<html><body><p>El director general de la Obra Social de Empleados P&uacute;blicos de Mendoza (OSEP), Sergio Vergara, y representantes de su par de La Pampa firmaron un convenio de atenci&oacute;n rec&iacute;proca.<\/p>\n<p>El acuerdo detalla las prestaciones m&eacute;dicas que se van a otorgar a los afiliados mendocinos en la vecina provincia y especifica las que se brindar&aacute;n a los afiliados de SEMPRE a trav&eacute;s de los prestadores de OSEP. Adem&aacute;s, permitir&aacute; simplificar tr&aacute;mites y coordinar en la utilizaci&oacute;n de los distintos servicios.<\/p>\n<p>SEMPRE es un organismo descentralizado que tiene como objetivo atender la cobertura m&eacute;dico-asistencial para el personal de la administraci&oacute;n p&uacute;blica provincial y comunal de La Pampa.<\/p>\n<\/body><\/html>\n","protected":false},"excerpt":{"rendered":"Permitir\u00e1 a los afiliados recibir atenci\u00f3n m\u00e9dica en ambas provincias.\n\n","protected":false},"author":2,"featured_media":89430,"comment_status":"open","ping_status":"open","sticky":false,"template":"","format":"standard","meta":[],"categories":[30],"tags":[],"_links":{"self":[{"href":"https:\/\/www.mendoza.gov.ar\/prensa\/wp-json\/wp\/v2\/posts\/89429"}],"collection":[{"href":"https:\/\/www.mendoza.gov.ar\/prensa\/wp-json\/wp\/v2\/posts"}],"about":[{"href":"https:\/\/www.mendoza.gov.ar\/prensa\/wp-json\/wp\/v2\/types\/post"}],"author":[{"embeddable":true,"href":"https:\/\/www.mendoza.gov.ar\/prensa\/wp-json\/wp\/v2\/users\/2"}],"replies":[{"embeddable":true,"href":"https:\/\/www.mendoza.gov.ar\/prensa\/wp-json\/wp\/v2\/comments?post=89429"}],"version-history":[{"count":0,"href":"https:\/\/www.mendoza.gov.ar\/prensa\/wp-json\/wp\/v2\/posts\/89429\/revisions"}],"wp:featuredmedia":[{"embeddable":true,"href":"https:\/\/www.mendoza.gov.ar\/prensa\/wp-json\/wp\/v2\/media\/89430"}],"wp:attachment":[{"href":"https:\/\/www.mendoza.gov.ar\/prensa\/wp-json\/wp\/v2\/media?parent=89429"}],"wp:term":[{"taxonomy":"category","embeddable":true,"href":"https:\/\/www.mendoza.gov.ar\/prensa\/wp-json\/wp\/v2\/categories?post=89429"},{"taxonomy":"post_tag","embeddable":true,"href":"https:\/\/www.mendoza.gov.ar\/prensa\/wp-json\/wp\/v2\/tags?post=89429"}],"curies":[{"name":"wp","href":"https:\/\/api.w.org\/{rel}","templated":true}]}}