{"id":89579,"date":"2017-05-10T21:12:15","date_gmt":"2017-05-11T00:12:15","guid":{"rendered":"http:\/\/prensa.mendoza.gov.ar\/?p=89579"},"modified":"2017-05-10T21:12:15","modified_gmt":"2017-05-11T00:12:15","slug":"jornadas-de-prevencion-del-cancer-genito-mamario","status":"publish","type":"post","link":"https:\/\/www.mendoza.gov.ar\/prensa\/jornadas-de-prevencion-del-cancer-genito-mamario\/","title":{"rendered":"Jornadas de prevenci\u00f3n del c\u00e1ncer genito-mamario"},"content":{"rendered":"<!DOCTYPE html PUBLIC \"-\/\/W3C\/\/DTD HTML 4.0 Transitional\/\/EN\" \"http:\/\/www.w3.org\/TR\/REC-html40\/loose.dtd\">\n<html><body><p>El pr&oacute;ximo viernes se realizar&aacute;n las Jornadas Conjuntas de Actualizaci&oacute;n de la Prevenci&oacute;n del C&aacute;ncer Genito-Mamario. Las actividades se realizar&aacute;n&nbsp;en el Aula Magna del Centro de Congresos y Exposiciones, Peltier 611 de Ciudad, a partir de las 8. Est&aacute;n destinadas a ginec&oacute;logos, m&eacute;dicos de familia, licenciados en obstetricia, agentes sanitarios, jefes y coordinadores de &aacute;reas de salud.<\/p>\n<p>Algunos de los temas que se expondr&aacute;n son:<\/p>\n<ul>\n<li>Normativas del Programa provincial de&nbsp;tamizaje del c&aacute;ncer de mama.<\/li>\n<li>&nbsp;Conducta ante resultados imageonol&oacute;gicos mamarios anormales.<\/li>\n<li>&nbsp;Tamizaje en c&aacute;ncer de cuello uterino. &iquest;Cu&aacute;ndo y c&oacute;mo?<\/li>\n<li>&nbsp;Colposcopia: indicaciones actuales. Actualizaci&oacute;n.<\/li>\n<li>&nbsp;Test del HPV en tamizaje del c&aacute;ncer de cuello de &uacute;tero.<\/li>\n<\/ul>\n<p>La entrada es gratuita y los interesados pueden consultar e inscribirse a los correos&nbsp;<a href=\"mailto:laura.bianchi2013@gmail.com\">laura.bianchi2013@gmail.com<\/a> &nbsp;y <a href=\"mailto:lbianchi@mendoza.gov.ar\">lbianchi@mendoza.gov.ar<\/a>.<\/p>\n<p>Esta capacitaci&oacute;n para profesionales forma parte del trabajo que la Obra Social de Empleados P&uacute;blicos (OSEP)&nbsp;&nbsp;viene realizando para mejorar la calidad de vida de las mujeres desde la promoci&oacute;n de la salud y la prevenci&oacute;n de las enfermedades, a trav&eacute;s de la educaci&oacute;n y la detecci&oacute;n precoz de patolog&iacute;as. Un ejemplo de esta tarea es la campa&ntilde;a de Prevenci&oacute;n de C&aacute;ncer de Cuello de &Uacute;tero que llev&oacute; a cabo el &Aacute;rea de Salud de la Mujer mediante el &ldquo;PAP a libre demanda&rdquo;, que se efectu&oacute; en todo Mendoza.<\/p>\n<\/body><\/html>\n","protected":false},"excerpt":{"rendered":"La organizaci\u00f3n est\u00e1 a cargo del Programa de Prevenci\u00f3n del C\u00e1ncer de Cuello Uterino de la OSEP, junto con el Ministerio de Salud, Desarrollo Social y Deportes de la provincia.","protected":false},"author":2,"featured_media":89581,"comment_status":"open","ping_status":"open","sticky":false,"template":"","format":"standard","meta":[],"categories":[30],"tags":[],"_links":{"self":[{"href":"https:\/\/www.mendoza.gov.ar\/prensa\/wp-json\/wp\/v2\/posts\/89579"}],"collection":[{"href":"https:\/\/www.mendoza.gov.ar\/prensa\/wp-json\/wp\/v2\/posts"}],"about":[{"href":"https:\/\/www.mendoza.gov.ar\/prensa\/wp-json\/wp\/v2\/types\/post"}],"author":[{"embeddable":true,"href":"https:\/\/www.mendoza.gov.ar\/prensa\/wp-json\/wp\/v2\/users\/2"}],"replies":[{"embeddable":true,"href":"https:\/\/www.mendoza.gov.ar\/prensa\/wp-json\/wp\/v2\/comments?post=89579"}],"version-history":[{"count":0,"href":"https:\/\/www.mendoza.gov.ar\/prensa\/wp-json\/wp\/v2\/posts\/89579\/revisions"}],"wp:featuredmedia":[{"embeddable":true,"href":"https:\/\/www.mendoza.gov.ar\/prensa\/wp-json\/wp\/v2\/media\/89581"}],"wp:attachment":[{"href":"https:\/\/www.mendoza.gov.ar\/prensa\/wp-json\/wp\/v2\/media?parent=89579"}],"wp:term":[{"taxonomy":"category","embeddable":true,"href":"https:\/\/www.mendoza.gov.ar\/prensa\/wp-json\/wp\/v2\/categories?post=89579"},{"taxonomy":"post_tag","embeddable":true,"href":"https:\/\/www.mendoza.gov.ar\/prensa\/wp-json\/wp\/v2\/tags?post=89579"}],"curies":[{"name":"wp","href":"https:\/\/api.w.org\/{rel}","templated":true}]}}