{"id":89685,"date":"2017-05-11T12:29:06","date_gmt":"2017-05-11T15:29:06","guid":{"rendered":"http:\/\/prensa.mendoza.gov.ar\/?p=89685"},"modified":"2017-05-11T12:29:06","modified_gmt":"2017-05-11T15:29:06","slug":"transporte-publico-mas-servicios-para-zonas-del-gran-mendoza","status":"publish","type":"post","link":"https:\/\/www.mendoza.gov.ar\/prensa\/transporte-publico-mas-servicios-para-zonas-del-gran-mendoza\/","title":{"rendered":"Transporte p\u00fablico: m\u00e1s servicios para zonas del Gran Mendoza"},"content":{"rendered":"<!DOCTYPE html PUBLIC \"-\/\/W3C\/\/DTD HTML 4.0 Transitional\/\/EN\" \"http:\/\/www.w3.org\/TR\/REC-html40\/loose.dtd\">\n<html><body><p>La Direcci&oacute;n de Transporte, dependiente de la Secretar&iacute;a de Servicios P&uacute;blicos, contin&uacute;a con su plan de mejoramiento de la prestaci&oacute;n del servicio p&uacute;blico de colectivos en todos los puntos de la provincia.<\/p>\n<p>Luego de reuniones mantenidas con la Uni&oacute;n Vecinal Barrio Jard&iacute;n Tulumaya, se decidi&oacute; que la l&iacute;nea A 22 llegue hasta esta zona, para atender a las m&aacute;s de 60 familias que all&iacute; habitan y que ten&iacute;an que caminar hasta 2 kil&oacute;metros para poder acceder al servicio.<\/p>\n<p>Podr&aacute;n identificar el recorrido como&nbsp;&ldquo;Corralitos por Carril Nacional por B&deg; Jard&iacute;n Tulumaya&rdquo;&nbsp;y tendr&aacute; seis&nbsp;frecuencias diarias de lunes a viernes y cuatro&nbsp;los s&aacute;bados y domingos.<\/p>\n<p><a href=\"https:\/\/www.mendoza.gov.ar\/prensa\/wp-content\/uploads\/sites\/23\/IMG_4914.jpg\"><img loading=\"lazy\" class=\"alignnone  wp-image-89687 img-responsive center-block\" src=\"https:\/\/www.mendoza.gov.ar\/prensa\/wp-content\/uploads\/sites\/23\/IMG_4914.jpg\" alt=\"\" width=\"564\" height=\"376\"><\/a><\/p>\n<p>Por otro lado, se ampliar&aacute; el recorrido de la L&iacute;nea 184 &ldquo;Local-Maip&uacute;-Isla Grande-Barriales&rdquo; que presta el Grupo 10, para que los vecinos de calle Gardella puedan acceder al servicio. En esta zona hay numerosas fincas y quienes viven all&iacute; deben caminar hasta la Ruta 60 para poder tomar un colectivo. Contar&aacute; con cuatro&nbsp;frecuencias diarias de lunes a viernes.<\/p>\n<p>Tambi&eacute;n en Maip&uacute;, pero en el barrio&nbsp;Los Ceibos, se modificar&aacute; el recorrido de la L&iacute;nea 173 &ldquo;Expreso Maip&uacute;-Ortega- Necochea-Rodr&iacute;guez Pe&ntilde;a-Mendoza&rdquo; con el objetivo de brindar mayor seguridad a los usuarios que utilizan el transporte p&uacute;blico. Tendr&aacute; 14 frecuencias diarias, de lunes a viernes, 12 los s&aacute;bados y 9 los domingos.<\/p>\n<p>Todas estas mejoras fueron logradas a trav&eacute;s de las acciones conjuntas entre la Direcci&oacute;n de Transporte, las uniones vecinales y las empresas prestatarias.<\/p>\n<\/body><\/html>\n","protected":false},"excerpt":{"rendered":"Los beneficiados son los vecinos del barrio Jard\u00edn Tulumaya, en Guaymall\u00e9n; el barrio Los Ceibos y la calle Gardella de Maip\u00fa. Estas modificaciones comenzar\u00e1n a regir el pr\u00f3ximo lunes 15.","protected":false},"author":2,"featured_media":89686,"comment_status":"open","ping_status":"open","sticky":false,"template":"","format":"standard","meta":[],"categories":[34],"tags":[],"_links":{"self":[{"href":"https:\/\/www.mendoza.gov.ar\/prensa\/wp-json\/wp\/v2\/posts\/89685"}],"collection":[{"href":"https:\/\/www.mendoza.gov.ar\/prensa\/wp-json\/wp\/v2\/posts"}],"about":[{"href":"https:\/\/www.mendoza.gov.ar\/prensa\/wp-json\/wp\/v2\/types\/post"}],"author":[{"embeddable":true,"href":"https:\/\/www.mendoza.gov.ar\/prensa\/wp-json\/wp\/v2\/users\/2"}],"replies":[{"embeddable":true,"href":"https:\/\/www.mendoza.gov.ar\/prensa\/wp-json\/wp\/v2\/comments?post=89685"}],"version-history":[{"count":0,"href":"https:\/\/www.mendoza.gov.ar\/prensa\/wp-json\/wp\/v2\/posts\/89685\/revisions"}],"wp:featuredmedia":[{"embeddable":true,"href":"https:\/\/www.mendoza.gov.ar\/prensa\/wp-json\/wp\/v2\/media\/89686"}],"wp:attachment":[{"href":"https:\/\/www.mendoza.gov.ar\/prensa\/wp-json\/wp\/v2\/media?parent=89685"}],"wp:term":[{"taxonomy":"category","embeddable":true,"href":"https:\/\/www.mendoza.gov.ar\/prensa\/wp-json\/wp\/v2\/categories?post=89685"},{"taxonomy":"post_tag","embeddable":true,"href":"https:\/\/www.mendoza.gov.ar\/prensa\/wp-json\/wp\/v2\/tags?post=89685"}],"curies":[{"name":"wp","href":"https:\/\/api.w.org\/{rel}","templated":true}]}}