{"id":89697,"date":"2017-05-11T12:52:05","date_gmt":"2017-05-11T15:52:05","guid":{"rendered":"http:\/\/prensa.mendoza.gov.ar\/?p=89697"},"modified":"2017-05-11T12:52:05","modified_gmt":"2017-05-11T15:52:05","slug":"continuan-los-desvios-de-transporte-por-obras-de-mejoras-en-las-heras","status":"publish","type":"post","link":"https:\/\/www.mendoza.gov.ar\/prensa\/continuan-los-desvios-de-transporte-por-obras-de-mejoras-en-las-heras\/","title":{"rendered":"Contin\u00faan los desv\u00edos de transporte por obras de mejoras en Las Heras  \u00a0"},"content":{"rendered":"<!DOCTYPE html PUBLIC \"-\/\/W3C\/\/DTD HTML 4.0 Transitional\/\/EN\" \"http:\/\/www.w3.org\/TR\/REC-html40\/loose.dtd\">\n<html><body><p>Por los trabajos de reparaci&oacute;n llevados a cabo por la Municipalidad de Las Heras en la avenida San Mart&iacute;n entre Ortiz y San Luis, el servicio regular se ver&aacute; afectado hasta que las obras finalicen.<\/p>\n<p>Los servicios afectados son los siguientes:<\/p>\n<p>* Grupo 4, l&iacute;neas 81, 84&nbsp;y 86.<\/p>\n<p>* Grupo 6, l&iacute;neas 63&nbsp;y 66.<\/p>\n<p>En la traza de zona a centro: San Mart&iacute;n, Pedraza, 25 de Mayo, Morales, San Mart&iacute;n. Y en el regreso tomar&aacute; por San Mart&iacute;n, 25 de Mayo, Mart&iacute;n Fierro y retornar&aacute; a San Mart&iacute;n.<\/p>\n<p>*Grupo 4 Servicio Troncal: desviar&aacute; por Maza, San Mart&iacute;n, Burgos y retomar&aacute; el recorrido normal.<\/p>\n<p>* Grupo 6 l&iacute;nea 68: temporalmente, tomar&aacute; por San Mart&iacute;n, Balloffet, 25 de Mayo, y retomar&aacute; la&nbsp;traza habitual.<\/p>\n<\/body><\/html>\n","protected":false},"excerpt":{"rendered":"Ser\u00e1 hasta la finalizaci\u00f3n de los trabajos en la avenida San Mart\u00edn, entre Ortiz y San Luis.\n\n\u00a0","protected":false},"author":2,"featured_media":89687,"comment_status":"open","ping_status":"open","sticky":false,"template":"","format":"standard","meta":[],"categories":[34],"tags":[],"_links":{"self":[{"href":"https:\/\/www.mendoza.gov.ar\/prensa\/wp-json\/wp\/v2\/posts\/89697"}],"collection":[{"href":"https:\/\/www.mendoza.gov.ar\/prensa\/wp-json\/wp\/v2\/posts"}],"about":[{"href":"https:\/\/www.mendoza.gov.ar\/prensa\/wp-json\/wp\/v2\/types\/post"}],"author":[{"embeddable":true,"href":"https:\/\/www.mendoza.gov.ar\/prensa\/wp-json\/wp\/v2\/users\/2"}],"replies":[{"embeddable":true,"href":"https:\/\/www.mendoza.gov.ar\/prensa\/wp-json\/wp\/v2\/comments?post=89697"}],"version-history":[{"count":0,"href":"https:\/\/www.mendoza.gov.ar\/prensa\/wp-json\/wp\/v2\/posts\/89697\/revisions"}],"wp:featuredmedia":[{"embeddable":true,"href":"https:\/\/www.mendoza.gov.ar\/prensa\/wp-json\/wp\/v2\/media\/89687"}],"wp:attachment":[{"href":"https:\/\/www.mendoza.gov.ar\/prensa\/wp-json\/wp\/v2\/media?parent=89697"}],"wp:term":[{"taxonomy":"category","embeddable":true,"href":"https:\/\/www.mendoza.gov.ar\/prensa\/wp-json\/wp\/v2\/categories?post=89697"},{"taxonomy":"post_tag","embeddable":true,"href":"https:\/\/www.mendoza.gov.ar\/prensa\/wp-json\/wp\/v2\/tags?post=89697"}],"curies":[{"name":"wp","href":"https:\/\/api.w.org\/{rel}","templated":true}]}}