{"id":89836,"date":"2017-05-12T08:31:41","date_gmt":"2017-05-12T11:31:41","guid":{"rendered":"http:\/\/prensa.mendoza.gov.ar\/?p=89836"},"modified":"2017-05-12T08:31:41","modified_gmt":"2017-05-12T11:31:41","slug":"traslados-de-oficinas-en-osep","status":"publish","type":"post","link":"https:\/\/www.mendoza.gov.ar\/prensa\/traslados-de-oficinas-en-osep\/","title":{"rendered":"Traslados de oficinas en OSEP"},"content":{"rendered":"<!DOCTYPE html PUBLIC \"-\/\/W3C\/\/DTD HTML 4.0 Transitional\/\/EN\" \"http:\/\/www.w3.org\/TR\/REC-html40\/loose.dtd\">\n<html><body><div id=\"m_971756480944394557yui_3_16_0_ym19_1_1494526091592_4522\">La Obra Social de los Empleados P&uacute;blicos (OSEP) atraviesa&nbsp;un proceso de reorganizaci&oacute;n de sus espacios. En este marco, se encuentran funcionando una serie de nuevas oficinas, distribuidas de las siguiente manera:<strong>Transcripci&oacute;n de Recetas del Programa Cr&oacute;nicos y OSEP Cerca:<\/strong> Planta Baja, Edificio Xeltahuina, Salta 877 de Ciudad. Atenci&oacute;n: de lunes a viernes de 8.30 a 14.\n<p>Se recuerda que para realizar las transcripciones, los afiliados deben presentar:<br>\n&ndash; Planilla actualizada con controles al d&iacute;a (&uacute;ltimos 3-6 meses), con fecha, firma y sello del m&eacute;dico de cabecera.<br>\n&ndash; Registro de todos los medicamentos que necesita con monodroga, nombre comercial, dosis diaria y presentaci&oacute;n mensual autorizada.<\/p>\n<p><strong>Cuidados domiciliarios:<\/strong> 2&ordm; piso, Edificio Xeltahuina, Salta 877&nbsp;de Ciudad. Atenci&oacute;n: de lunes a viernes de 8 a 13.<br>\nSi se realizan cambios, se informar&aacute;n oportunamente.<\/p>\n<p>Ante cualquier duda, los afiliados pueden consultar a estos medios de contacto: Informes 4615039 y&nbsp;4615040.<\/p>\n<\/div>\n<div>Sitio de internet:&nbsp;<a href=\"https:\/\/www.osep.mendoza.gov.ar\/\" target=\"_blank\">www.osep.mendoza.gov.ar<\/a>.<\/div>\n<div>Facebook y Twitter<\/div>\n<\/body><\/html>\n","protected":false},"excerpt":{"rendered":"Contin\u00faa el proceso de reorganizaci\u00f3n de los espacios de la Obra Social de Empleados P\u00fablicos. Consultas, a los tel\u00e9fonos 4615039 y 4615040.\n","protected":false},"author":2,"featured_media":89843,"comment_status":"open","ping_status":"open","sticky":false,"template":"","format":"standard","meta":[],"categories":[30],"tags":[],"_links":{"self":[{"href":"https:\/\/www.mendoza.gov.ar\/prensa\/wp-json\/wp\/v2\/posts\/89836"}],"collection":[{"href":"https:\/\/www.mendoza.gov.ar\/prensa\/wp-json\/wp\/v2\/posts"}],"about":[{"href":"https:\/\/www.mendoza.gov.ar\/prensa\/wp-json\/wp\/v2\/types\/post"}],"author":[{"embeddable":true,"href":"https:\/\/www.mendoza.gov.ar\/prensa\/wp-json\/wp\/v2\/users\/2"}],"replies":[{"embeddable":true,"href":"https:\/\/www.mendoza.gov.ar\/prensa\/wp-json\/wp\/v2\/comments?post=89836"}],"version-history":[{"count":0,"href":"https:\/\/www.mendoza.gov.ar\/prensa\/wp-json\/wp\/v2\/posts\/89836\/revisions"}],"wp:featuredmedia":[{"embeddable":true,"href":"https:\/\/www.mendoza.gov.ar\/prensa\/wp-json\/wp\/v2\/media\/89843"}],"wp:attachment":[{"href":"https:\/\/www.mendoza.gov.ar\/prensa\/wp-json\/wp\/v2\/media?parent=89836"}],"wp:term":[{"taxonomy":"category","embeddable":true,"href":"https:\/\/www.mendoza.gov.ar\/prensa\/wp-json\/wp\/v2\/categories?post=89836"},{"taxonomy":"post_tag","embeddable":true,"href":"https:\/\/www.mendoza.gov.ar\/prensa\/wp-json\/wp\/v2\/tags?post=89836"}],"curies":[{"name":"wp","href":"https:\/\/api.w.org\/{rel}","templated":true}]}}