{"id":90051,"date":"2017-05-12T21:49:28","date_gmt":"2017-05-13T00:49:28","guid":{"rendered":"http:\/\/prensa.mendoza.gov.ar\/?p=90051"},"modified":"2017-05-12T21:49:28","modified_gmt":"2017-05-13T00:49:28","slug":"servicios-publicos-anunciaron-subsidio-para-la-tarifa-electrica-en-zonas-de-montana-en-el-sosneado","status":"publish","type":"post","link":"https:\/\/www.mendoza.gov.ar\/prensa\/servicios-publicos-anunciaron-subsidio-para-la-tarifa-electrica-en-zonas-de-montana-en-el-sosneado\/","title":{"rendered":"Servicios P\u00fablicos: anunciaron subsidio para la tarifa el\u00e9ctrica en zonas de monta\u00f1a\u00a0en El Sosneado\u00a0"},"content":{"rendered":"<!DOCTYPE html PUBLIC \"-\/\/W3C\/\/DTD HTML 4.0 Transitional\/\/EN\" \"http:\/\/www.w3.org\/TR\/REC-html40\/loose.dtd\">\n<html><body><p>El anuncio lo realiz&oacute; el secretario de Servicios P&uacute;blicos, Natalio Nema, en la Escuela T&eacute;cnica Agropecuaria N&deg; 4-239. Se trata de un beneficio muy importante para los vecinos del lugar, ya que el subsidio que se brindar&aacute; es una compensaci&oacute;n en las tarifas del servicio el&eacute;ctrico que abonan los usuarios residenciales, asociaciones civiles sin fines de lucro y empresas recuperadas ubicadas en distritos o localidades de monta&ntilde;a.<\/p>\n<p><a href=\"https:\/\/www.mendoza.gov.ar\/prensa\/wp-content\/uploads\/sites\/23\/20170512153312_IMG_2413_1.jpg\"><img loading=\"lazy\" class=\"alignnone wp-image-90053 img-responsive center-block\" src=\"https:\/\/www.mendoza.gov.ar\/prensa\/wp-content\/uploads\/sites\/23\/20170512153312_IMG_2413_1.jpg\" alt=\"\" width=\"650\" height=\"433\"><\/a><\/p>\n<p>Para la aplicaci&oacute;n de estos subsidios se toma como referencia la modalidad utilizada para los suministros del departamento Malarg&uuml;e, que van del 20 al 30% de la tarifa.<\/p>\n<p>Estas compensaciones en la denominada zona de monta&ntilde;a&nbsp;se determinan a partir de un uso intensivo del suministro el&eacute;ctrico, ya que esta franja de usuarios no tiene acceso al servicio p&uacute;blico de gas natural. De acuerdo con lo estipulado por la ley, los recursos del Fondo Provincial Compensador de Tarifas El&eacute;ctricas se aplicar&aacute;n siguiendo criterios el&eacute;ctricos, econ&oacute;micos o sociales.<\/p>\n<\/body><\/html>\n","protected":false},"excerpt":{"rendered":"Los usuarios de la localidad sanrafaelina estar\u00e1n incluidos en el beneficio.","protected":false},"author":2,"featured_media":90052,"comment_status":"open","ping_status":"open","sticky":false,"template":"","format":"standard","meta":[],"categories":[34],"tags":[],"_links":{"self":[{"href":"https:\/\/www.mendoza.gov.ar\/prensa\/wp-json\/wp\/v2\/posts\/90051"}],"collection":[{"href":"https:\/\/www.mendoza.gov.ar\/prensa\/wp-json\/wp\/v2\/posts"}],"about":[{"href":"https:\/\/www.mendoza.gov.ar\/prensa\/wp-json\/wp\/v2\/types\/post"}],"author":[{"embeddable":true,"href":"https:\/\/www.mendoza.gov.ar\/prensa\/wp-json\/wp\/v2\/users\/2"}],"replies":[{"embeddable":true,"href":"https:\/\/www.mendoza.gov.ar\/prensa\/wp-json\/wp\/v2\/comments?post=90051"}],"version-history":[{"count":0,"href":"https:\/\/www.mendoza.gov.ar\/prensa\/wp-json\/wp\/v2\/posts\/90051\/revisions"}],"wp:featuredmedia":[{"embeddable":true,"href":"https:\/\/www.mendoza.gov.ar\/prensa\/wp-json\/wp\/v2\/media\/90052"}],"wp:attachment":[{"href":"https:\/\/www.mendoza.gov.ar\/prensa\/wp-json\/wp\/v2\/media?parent=90051"}],"wp:term":[{"taxonomy":"category","embeddable":true,"href":"https:\/\/www.mendoza.gov.ar\/prensa\/wp-json\/wp\/v2\/categories?post=90051"},{"taxonomy":"post_tag","embeddable":true,"href":"https:\/\/www.mendoza.gov.ar\/prensa\/wp-json\/wp\/v2\/tags?post=90051"}],"curies":[{"name":"wp","href":"https:\/\/api.w.org\/{rel}","templated":true}]}}