{"id":90125,"date":"2017-05-15T10:55:29","date_gmt":"2017-05-15T13:55:29","guid":{"rendered":"http:\/\/prensa.mendoza.gov.ar\/?p=90125"},"modified":"2017-05-15T10:55:29","modified_gmt":"2017-05-15T13:55:29","slug":"manana-comienzan-los-desvios-de-transporte-publico-en-el-carril-godoy-cruz","status":"publish","type":"post","link":"https:\/\/www.mendoza.gov.ar\/prensa\/manana-comienzan-los-desvios-de-transporte-publico-en-el-carril-godoy-cruz\/","title":{"rendered":"Ma\u00f1ana comienzan los desv\u00edos de transporte p\u00fablico en el carril Godoy Cruz"},"content":{"rendered":"<!DOCTYPE html PUBLIC \"-\/\/W3C\/\/DTD HTML 4.0 Transitional\/\/EN\" \"http:\/\/www.w3.org\/TR\/REC-html40\/loose.dtd\">\n<html><body><p>Desde ma&ntilde;ana martes y hasta que finalicen los trabajos de remodelaci&oacute;n del carril Godoy Cruz, se modificar&aacute;n las trazas de varias l&iacute;neas de transporte en esa zona de Guaymall&eacute;n. Los recorridos se realizar&aacute;n de la siguiente manera:<\/p>\n<p><strong>Empresa Maip&uacute; SRL&nbsp;&ndash;<\/strong>&nbsp;<strong>GRUPO 2<\/strong><\/p>\n<p><strong>L&iacute;neas A por&nbsp;Carril Nacional&nbsp;<\/strong>(hasta la finalizaci&oacute;n de la obra de calle Saavedra).<\/p>\n<p>Centro a Control: Av. Costanera, Carril Godoy Cruz, Pellegrini, Saavedra, &nbsp;a su recorrido.<\/p>\n<p><strong>L&iacute;neas B por&nbsp;Carril Godoy Cruz &nbsp; &nbsp;&nbsp;<\/strong><\/p>\n<p>Centro a Control: Av. Costanera, Carril Godoy Cruz, Necochea, Pascual Toso, Mitre, Pringles, Allayme, Carril Godoy Cruz a su recorrido.<\/p>\n<p>Control a Centro: Carril Godoy Cruz, Allayme, Patricias Mendocinas, Pedernera, O&rsquo;Brien, a su recorrido.<\/p>\n<p><strong>Empresa Maip&uacute; SRL&nbsp;&ndash;<\/strong>&nbsp;<strong>GRUPO 10<\/strong><\/p>\n<p><strong>L&iacute;neas 171 y 172 &nbsp; &nbsp; &nbsp; &nbsp; &nbsp; &nbsp; &nbsp; &nbsp; &nbsp; &nbsp; &nbsp; &nbsp; &nbsp; &nbsp;&nbsp;<\/strong><\/p>\n<p>Centro a Control: Av. Costanera, Carril Godoy Cruz, Necochea, Pascual Toso, Mitre, Pringles, Allayme, Carril Godoy Cruz, a su recorrido.<\/p>\n<p>Control a Centro: Carril Godoy Cruz, Allayme, Patricias Mendocinas, Pedernera, O&rsquo;Brien, a su recorrido.<\/p>\n<p><strong>L&iacute;neas 173 &nbsp; &nbsp; &nbsp; &nbsp; &nbsp; &nbsp; &nbsp; &nbsp; &nbsp; &nbsp; &nbsp; &nbsp; &nbsp; &nbsp; &nbsp; &nbsp; &nbsp; &nbsp; &nbsp; &nbsp;<\/strong><\/p>\n<p>Control a Centro: Carril Godoy Cruz, Allayme, Patricias Mendocinas, Pedernera, O&rsquo;Brien, a su recorrido.<\/p>\n<p><strong>Transporte de Pasajeros General&nbsp;Roca SRL &ndash; GRUPO 5<\/strong><\/p>\n<p><strong>L&iacute;neas 71 A y 72 C<\/strong><\/p>\n<p>Centro a Control: Lavalle, Carril Godoy Cruz, Necochea, Pascual Toso, Mitre, Pringles, Artigas, a recorrido.<\/p>\n<p><strong>L&iacute;nea 71 B<\/strong><\/p>\n<p>Control a Centro: Artigas, Pringles, Allayme, Patricias Mendocinas, Pedernera, O&rsquo;Brien, a recorrido.<\/p>\n<p><strong>Sociedad de Transporte Mendoza &ndash; GRUPO 12<\/strong><\/p>\n<p><strong>L&iacute;nea Villa Nueva<\/strong><\/p>\n<p>Centro a Zona: Lavalle, Carril Godoy Cruz, Necochea, Pascual Toso, Mitre, Pringles, Allayme, Carril Godoy Cruz, a recorrido.<\/p>\n<p>Adem&aacute;s, se han establecido paradas alternativas para garantizar la seguridad de los usuarios.<\/p>\n<p>Quienes regresen del centro podr&aacute;n acceder al colectivo en:<\/p>\n<ul>\n<li>Necochea y Pascual Toso.<\/li>\n<li>Pascual Toso y Las Heras.<\/li>\n<li>Pascual Toso y Mitre.<\/li>\n<li>Pringles y Allayme.<\/li>\n<\/ul>\n<p>Los usuarios que se dirijan al centro de la Ciudad podr&aacute;n hacerlo en:<\/p>\n<ul>\n<li>Godoy Cruz y Allayme.<\/li>\n<li>Allayme y Patricias Mendocinas.<\/li>\n<li>Patricias Mendocinas y Mitre.<\/li>\n<li>Patricias Mendocinas y Las Heras.<\/li>\n<li>Patricias Mendocinas y Pedernera.<\/li>\n<\/ul>\n<p>Este desv&iacute;o y todos los vigentes en el Gran Mendoza pueden ser consultados en la aplicaci&oacute;n &ldquo;Mi Recorrido&rdquo; o bien a trav&eacute;s de la p&aacute;gina en Facebook.<\/p>\n<p><a href=\"https:\/\/www.mendoza.gov.ar\/prensa\/wp-content\/uploads\/sites\/23\/DesvioApp.jpeg\"><img loading=\"lazy\" class=\"alignnone wp-image-90127 img-responsive center-block\" src=\"https:\/\/www.mendoza.gov.ar\/prensa\/wp-content\/uploads\/sites\/23\/DesvioApp.jpeg\" alt=\"\" width=\"694\" height=\"905\"><\/a><\/p>\n<\/body><\/html>\n","protected":false},"excerpt":{"rendered":"Se iniciar\u00e1 la primera etapa de la obra, por lo que se ver\u00e1n afectados los recorridos de todas las l\u00edneas que circulan por la zona. El corte ser\u00e1 desde Mitre hasta Pedernera.","protected":false},"author":2,"featured_media":90126,"comment_status":"open","ping_status":"open","sticky":false,"template":"","format":"standard","meta":[],"categories":[34],"tags":[],"_links":{"self":[{"href":"https:\/\/www.mendoza.gov.ar\/prensa\/wp-json\/wp\/v2\/posts\/90125"}],"collection":[{"href":"https:\/\/www.mendoza.gov.ar\/prensa\/wp-json\/wp\/v2\/posts"}],"about":[{"href":"https:\/\/www.mendoza.gov.ar\/prensa\/wp-json\/wp\/v2\/types\/post"}],"author":[{"embeddable":true,"href":"https:\/\/www.mendoza.gov.ar\/prensa\/wp-json\/wp\/v2\/users\/2"}],"replies":[{"embeddable":true,"href":"https:\/\/www.mendoza.gov.ar\/prensa\/wp-json\/wp\/v2\/comments?post=90125"}],"version-history":[{"count":0,"href":"https:\/\/www.mendoza.gov.ar\/prensa\/wp-json\/wp\/v2\/posts\/90125\/revisions"}],"wp:featuredmedia":[{"embeddable":true,"href":"https:\/\/www.mendoza.gov.ar\/prensa\/wp-json\/wp\/v2\/media\/90126"}],"wp:attachment":[{"href":"https:\/\/www.mendoza.gov.ar\/prensa\/wp-json\/wp\/v2\/media?parent=90125"}],"wp:term":[{"taxonomy":"category","embeddable":true,"href":"https:\/\/www.mendoza.gov.ar\/prensa\/wp-json\/wp\/v2\/categories?post=90125"},{"taxonomy":"post_tag","embeddable":true,"href":"https:\/\/www.mendoza.gov.ar\/prensa\/wp-json\/wp\/v2\/tags?post=90125"}],"curies":[{"name":"wp","href":"https:\/\/api.w.org\/{rel}","templated":true}]}}