{"id":90175,"date":"2017-05-15T15:10:44","date_gmt":"2017-05-15T18:10:44","guid":{"rendered":"http:\/\/prensa.mendoza.gov.ar\/?p=90175"},"modified":"2017-05-15T15:10:44","modified_gmt":"2017-05-15T18:10:44","slug":"vecinos-del-bo-fuerza-y-progreso-visitaron-las-obras-de-su-futuro-barrio","status":"publish","type":"post","link":"https:\/\/www.mendoza.gov.ar\/prensa\/vecinos-del-bo-fuerza-y-progreso-visitaron-las-obras-de-su-futuro-barrio\/","title":{"rendered":"Vecinos del barrio Fuerza y Progreso visitaron las obras"},"content":{"rendered":"<!DOCTYPE html PUBLIC \"-\/\/W3C\/\/DTD HTML 4.0 Transitional\/\/EN\" \"http:\/\/www.w3.org\/TR\/REC-html40\/loose.dtd\">\n<html><body><p>M&aacute;s de 180 familias que ser&aacute;n erradicadas de varios asentamientos podr&aacute;n mejorar su calidad de vida al recibir sus viviendas del barrop&nbsp;Fuerza y Progreso, que ejecuta el Instituto Provincial de la Vivienda (IPV) en Guaymall&eacute;n.<\/p>\n<p>Este proyecto tiene&nbsp;financiamiento compartido entre la Naci&oacute;n y la Provincia. Est&aacute; enmarcado en el Plan Federal de Urbanizaci&oacute;n de Villas y Asentamientos Precarios, bajo el Programa Incuba.<\/p>\n<p>Estas viviendas, realizadas de manera industrial, tienen como caracter&iacute;stica principal sus paredes. Esta metodolog&iacute;a constructiva remplaza paredes de ladrillo, vigas, tabiques, dinteles y columnas de hormig&oacute;n armado por un conjunto de paneles compuesto por una plancha de poliestireno expandido con mallas de acero especial en cada cara, unidas entre s&iacute;, que recubren con hormig&oacute;n de alta resistencia.<\/p>\n<p>Debido a las particularidades de las viviendas, el IPV y el Municipio de Guaymall&eacute;n organizaron una visita de obra con las familias adjudicatarias para para que conozcan sus futuras casas, puedan informarse, aclarar dudas y conocerse entre futuros vecinos.<\/p>\n<p>&ldquo;En esta oportunidad se les entreg&oacute; material informativo sobre las ventajas de este sistema, en el que se destaca la mayor aislaci&oacute;n t&eacute;rmica y ac&uacute;stica (4 o 5 veces superior a las viviendas tradicionales)&rdquo;, inform&oacute; el presidente del IPV, Dami&aacute;n Salamone.&nbsp; &ldquo;Y se les dieron recomendaciones relacionadas al mantenimiento y uso de las casas&rdquo;, puntualiz&oacute;.<\/p>\n<p>Este emprendimiento se inici&oacute; en 2015 y lo ejecutan las empresas OHA Construcciones y Laugero, en tres tramos de 64, 60 y 58 viviendas cada uno. El avance de obra va del 70 al 87% y la finalizaci&oacute;n est&aacute; prevista para el segundo semestre de 2017.<\/p>\n<p>Salamone aclar&oacute; que las tipolog&iacute;as de construcci&oacute;n son cuatro, donde la superficie cubierta difiere debido a la cantidad de habitaciones de cada vivienda. &ldquo;Hay de una habitaci&oacute;n, dos, tres y cuatro, esta &uacute;ltima con dos ba&ntilde;os. Esta diferencia est&aacute; determinada seg&uacute;n el n&uacute;mero que constituye cada grupo familiar. De esta forma, es posible seguir otorgando derechos y calidad de vida a cada uno de los mendocinos&rdquo;, explic&oacute;. Adem&aacute;s, se llevaron a cabo 11 viviendas adaptadas para personas con capacidades diferentes.<\/p>\n<p>Todas las viviendas se entregar&aacute;n con pisos cer&aacute;micos en cocina y ba&ntilde;o, revestimiento de cer&aacute;mica y grifer&iacute;a en ba&ntilde;o, cocina y lavander&iacute;a. En su interior, la carpinter&iacute;a es de madera y las puertas exteriores de chapa con poliuretano inyectado. Todas estar&aacute;n pintadas en su totalidad, con cielo raso de placa de yeso.<\/p>\n<\/body><\/html>\n","protected":false},"excerpt":{"rendered":"Los adjudicatarios de este emprendimiento de El Bermejo conocieron las particularidades de construcci\u00f3n de sus viviendas. La entrega est\u00e1 prevista para el segundo semestre del a\u00f1o. ","protected":false},"author":2,"featured_media":90176,"comment_status":"open","ping_status":"open","sticky":false,"template":"","format":"standard","meta":[],"categories":[25,15],"tags":[],"_links":{"self":[{"href":"https:\/\/www.mendoza.gov.ar\/prensa\/wp-json\/wp\/v2\/posts\/90175"}],"collection":[{"href":"https:\/\/www.mendoza.gov.ar\/prensa\/wp-json\/wp\/v2\/posts"}],"about":[{"href":"https:\/\/www.mendoza.gov.ar\/prensa\/wp-json\/wp\/v2\/types\/post"}],"author":[{"embeddable":true,"href":"https:\/\/www.mendoza.gov.ar\/prensa\/wp-json\/wp\/v2\/users\/2"}],"replies":[{"embeddable":true,"href":"https:\/\/www.mendoza.gov.ar\/prensa\/wp-json\/wp\/v2\/comments?post=90175"}],"version-history":[{"count":0,"href":"https:\/\/www.mendoza.gov.ar\/prensa\/wp-json\/wp\/v2\/posts\/90175\/revisions"}],"wp:featuredmedia":[{"embeddable":true,"href":"https:\/\/www.mendoza.gov.ar\/prensa\/wp-json\/wp\/v2\/media\/90176"}],"wp:attachment":[{"href":"https:\/\/www.mendoza.gov.ar\/prensa\/wp-json\/wp\/v2\/media?parent=90175"}],"wp:term":[{"taxonomy":"category","embeddable":true,"href":"https:\/\/www.mendoza.gov.ar\/prensa\/wp-json\/wp\/v2\/categories?post=90175"},{"taxonomy":"post_tag","embeddable":true,"href":"https:\/\/www.mendoza.gov.ar\/prensa\/wp-json\/wp\/v2\/tags?post=90175"}],"curies":[{"name":"wp","href":"https:\/\/api.w.org\/{rel}","templated":true}]}}