{"id":90274,"date":"2017-05-16T11:52:45","date_gmt":"2017-05-16T14:52:45","guid":{"rendered":"http:\/\/prensa.mendoza.gov.ar\/?p=90274"},"modified":"2017-05-16T11:52:45","modified_gmt":"2017-05-16T14:52:45","slug":"pablo-stallocca-es-el-nuevo-titular-de-la-direccion-de-agricultura-y-contingencias-climaticas","status":"publish","type":"post","link":"https:\/\/www.mendoza.gov.ar\/prensa\/pablo-stallocca-es-el-nuevo-titular-de-la-direccion-de-agricultura-y-contingencias-climaticas\/","title":{"rendered":"Pablo Stallocca es el nuevo director de Agricultura y Contingencias Clim\u00e1ticas"},"content":{"rendered":"<!DOCTYPE html PUBLIC \"-\/\/W3C\/\/DTD HTML 4.0 Transitional\/\/EN\" \"http:\/\/www.w3.org\/TR\/REC-html40\/loose.dtd\">\n<html><body><div id=\"m_-9153075566929632789yui_3_16_0_1_1494934269656_90651\">El nuevo perfil de la Direcci&oacute;n de Agricultura y Contingencias Clim&aacute;ticas (DACC), que incluye la creaci&oacute;n de Aeron&aacute;utica Mendoza Sociedad An&oacute;nima (AEMSA), fue el motivo para nombrar a Pablo Stallocca al frente del organismo. La salida de Oscar Astorga fue de com&uacute;n acuerdo y con el objetivo de renovar las prestaciones de la DACC.<\/div>\n<div><\/div>\n<div>Stallocca es ingeniero y su &uacute;ltimo cargo fue c<span id=\"m_-9153075566929632789yui_3_16_0_1_1494934269656_90655\" lang=\"ES-TRAD\">oordinador t&eacute;cnico de Programas en la Unidad de Financiamiento Internacional (UFI).<\/span><\/div>\n<div id=\"m_-9153075566929632789yui_3_16_0_1_1494934269656_90654\"><span lang=\"ES-TRAD\">&nbsp;<\/span><\/div>\n<div id=\"m_-9153075566929632789yui_3_16_0_1_1494934269656_90657\" dir=\"ltr\">La creaci&oacute;n de AEMSA, que ya fue presentada en la Legislatura, busca profesionalizar a&uacute;n m&aacute;s el servicio que mec&aacute;nicos, t&eacute;cnicos y pilotos realizan y que, adem&aacute;s, se convierta en una empresa autosustentable que pueda centralizar los servicios aeron&aacute;uticos en ese ente.<\/div>\n<div id=\"m_-9153075566929632789yui_3_16_0_1_1494934269656_90657\"><\/div>\n<div id=\"m_-9153075566929632789yui_3_16_0_1_1494934269656_90598\">Hay que recordar que Astorga asumi&oacute; en la DACC con 213 bengalas como stock para enfrentar la temporada 2015\/16, cuando en promedio se insumen m&aacute;s de 12.000 unidades, y hoy, se retira con m&aacute;s de 5.000 bengalas. Adem&aacute;s, la DACC est&aacute; en proceso de recuperar el cuarto avi&oacute;n Pipper Cheyenne, que est&aacute; en tierra desde 2013 y tiene en marcha la licitaci&oacute;n para comprar una quinta aeronave con motores de propulsi&oacute;n a chorro para sobrevolar el Valle Uco y el sur mendocino.<\/div>\n<\/body><\/html>\n","protected":false},"excerpt":{"rendered":"El funcionario remplaza a Oscar Astorga, que se desempe\u00f1\u00f3 al frente de la repartici\u00f3n desde diciembre de 2015.","protected":false},"author":2,"featured_media":90276,"comment_status":"open","ping_status":"open","sticky":false,"template":"","format":"standard","meta":[],"categories":[1],"tags":[],"_links":{"self":[{"href":"https:\/\/www.mendoza.gov.ar\/prensa\/wp-json\/wp\/v2\/posts\/90274"}],"collection":[{"href":"https:\/\/www.mendoza.gov.ar\/prensa\/wp-json\/wp\/v2\/posts"}],"about":[{"href":"https:\/\/www.mendoza.gov.ar\/prensa\/wp-json\/wp\/v2\/types\/post"}],"author":[{"embeddable":true,"href":"https:\/\/www.mendoza.gov.ar\/prensa\/wp-json\/wp\/v2\/users\/2"}],"replies":[{"embeddable":true,"href":"https:\/\/www.mendoza.gov.ar\/prensa\/wp-json\/wp\/v2\/comments?post=90274"}],"version-history":[{"count":0,"href":"https:\/\/www.mendoza.gov.ar\/prensa\/wp-json\/wp\/v2\/posts\/90274\/revisions"}],"wp:featuredmedia":[{"embeddable":true,"href":"https:\/\/www.mendoza.gov.ar\/prensa\/wp-json\/wp\/v2\/media\/90276"}],"wp:attachment":[{"href":"https:\/\/www.mendoza.gov.ar\/prensa\/wp-json\/wp\/v2\/media?parent=90274"}],"wp:term":[{"taxonomy":"category","embeddable":true,"href":"https:\/\/www.mendoza.gov.ar\/prensa\/wp-json\/wp\/v2\/categories?post=90274"},{"taxonomy":"post_tag","embeddable":true,"href":"https:\/\/www.mendoza.gov.ar\/prensa\/wp-json\/wp\/v2\/tags?post=90274"}],"curies":[{"name":"wp","href":"https:\/\/api.w.org\/{rel}","templated":true}]}}