{"id":90447,"date":"2017-05-17T09:42:20","date_gmt":"2017-05-17T12:42:20","guid":{"rendered":"http:\/\/prensa.mendoza.gov.ar\/?p=90447"},"modified":"2017-05-17T09:42:20","modified_gmt":"2017-05-17T12:42:20","slug":"el-gobierno-impulsa-la-creacion-de-una-empresa-aeronautica-estatal","status":"publish","type":"post","link":"https:\/\/www.mendoza.gov.ar\/prensa\/el-gobierno-impulsa-la-creacion-de-una-empresa-aeronautica-estatal\/","title":{"rendered":"El Gobierno impulsa la creaci\u00f3n de una empresa aeron\u00e1utica estatal\u00a0"},"content":{"rendered":"<!DOCTYPE html PUBLIC \"-\/\/W3C\/\/DTD HTML 4.0 Transitional\/\/EN\" \"http:\/\/www.w3.org\/TR\/REC-html40\/loose.dtd\">\n<html><body><div id=\"m_7488087633414065545yui_3_16_0_ym19_1_1495020509339_36767\">La modernizaci&oacute;n del Sistema de Lucha Antigranizo, que impulsa el Gobierno de Mendoza, significar&iacute;a un cambio estructural para la prestaci&oacute;n de todos los servicios aeron&aacute;uticos que utiliza la provincia. Al menos as&iacute; se refleja en el proyecto de ley que el Ejecutivo provincial envi&oacute; a la Legislatura para su tratamiento.<\/div>\n<div id=\"m_7488087633414065545yui_3_16_0_ym19_1_1495020509339_36769\"><\/div>\n<div id=\"m_7488087633414065545yui_3_16_0_ym19_1_1495020509339_36770\">Bajo ese concepto, el Poder Ejecutivo ide&oacute; la creaci&oacute;n de un ente descentralizado bajo la figura de una sociedad an&oacute;nima con participaci&oacute;n estatal mayoritaria, para centralizar las prestaciones que hoy se suministran desde el Estado.<\/div>\n<div id=\"m_7488087633414065545yui_3_16_0_ym19_1_1495020509339_36770\"><\/div>\n<div id=\"m_7488087633414065545yui_3_16_0_ym19_1_1495020509339_36771\">Aeron&aacute;utica de Mendoza Sociedad An&oacute;nima (AEMSA) es un ente pensado para prestar servicios a&eacute;reos como lucha antigranizo, dispersi&oacute;n de mosca del Mediterr&aacute;neo, servicio sanitario o traslado de personas, entre otros. Mediante la estructura org&aacute;nica, funcional y jur&iacute;dica con la que ha sido ideado se pretende no s&oacute;lo agilizar los servicios que contrata el Estado sino tambi&eacute;n encuadrar debidamente a los pilotos que hoy se cumple tareas con la modalidad de contrato de locaci&oacute;n de servicios.<\/div>\n<div id=\"m_7488087633414065545yui_3_16_0_ym19_1_1495020509339_36772\"><\/div>\n<div id=\"m_7488087633414065545yui_3_16_0_ym19_1_1495020509339_36773\">De esta manera,&nbsp;se apunta a una gesti&oacute;n m&aacute;s eficiente de los bienes de la administraci&oacute;n. Esto implica acortar plazos de contrataci&oacute;n, reducir costos de gesti&oacute;n, realizar controles m&aacute;s eficientes en lo operativo y, en un futuro, generar recursos genuinos con la participaci&oacute;n del Estado en el desarrollo de un sector de la econom&iacute;a en interacci&oacute;n con el capital privado.<\/div>\n<div id=\"m_7488087633414065545yui_3_16_0_ym19_1_1495020509339_36773\"><\/div>\n<div id=\"m_7488087633414065545yui_3_16_0_ym19_1_1495020509339_36774\">Actualmente, la Provincia es consumidora de diversos servicios aeron&aacute;uticos (tanto de transporte, como de trabajo a&eacute;reo), muchos de los cuales son prestados directamente desde la Administraci&oacute;n Central con equipamiento propio y personal sujeto al r&eacute;gimen de empleo p&uacute;blico. Otros servicios son proporcionados por el sector privado mediante procesos que pretenden ser competitivos pero que, por el incipiente desarrollo del sector, se traducen en largas licitaciones de escasa o nula concurrencia, lo que redunda en contratos poco atractivos para la administraci&oacute;n.<\/div>\n<div id=\"m_7488087633414065545yui_3_16_0_ym19_1_1495020509339_36774\"><\/div>\n<div id=\"m_7488087633414065545yui_3_16_0_ym19_1_1495020509339_36775\">Frente a este panorama, el art&iacute;culo tercero del proyecto expresa que &ldquo;AEMSA tendr&aacute; por objeto la prestaci&oacute;n de todos los servicios aeron&aacute;uticos demandados por el Estado provincial o sus entes descentralizados y los municipios, pudiendo desarrollar dichas actividades por s&iacute;, por terceros o asociada a terceros, incluso en car&aacute;cter de inversora&rdquo;.<\/div>\n<div id=\"m_7488087633414065545yui_3_16_0_ym19_1_1495020509339_36775\"><\/div>\n<div id=\"m_7488087633414065545yui_3_16_0_ym19_1_1495020509339_36776\">Como ejemplos, se&ntilde;ala: servicios de transporte a&eacute;reo de pasajeros y carga, regulares y no regulares; servicios de trabajo a&eacute;reo en todas sus modalidades, incluyendo mitigaci&oacute;n del granizo y dispersi&oacute;n de la mosca del Mediterr&aacute;neo; colocaci&oacute;n de productos y servicios aeron&aacute;uticos mendocinos en el pa&iacute;s y el exterior, entre otros.<\/div>\n<\/body><\/html>\n","protected":false},"excerpt":{"rendered":"El objetivo es gestionar de forma m\u00e1s eficiente los bienes del Estado prestando un servicio m\u00e1s amplio al de la lucha antigranizo. Dispersi\u00f3n de mosca del Mediterr\u00e1neo y vuelos sanitarios, entre otros usos propuestos.","protected":false},"author":2,"featured_media":90449,"comment_status":"open","ping_status":"open","sticky":false,"template":"","format":"standard","meta":[],"categories":[1],"tags":[],"_links":{"self":[{"href":"https:\/\/www.mendoza.gov.ar\/prensa\/wp-json\/wp\/v2\/posts\/90447"}],"collection":[{"href":"https:\/\/www.mendoza.gov.ar\/prensa\/wp-json\/wp\/v2\/posts"}],"about":[{"href":"https:\/\/www.mendoza.gov.ar\/prensa\/wp-json\/wp\/v2\/types\/post"}],"author":[{"embeddable":true,"href":"https:\/\/www.mendoza.gov.ar\/prensa\/wp-json\/wp\/v2\/users\/2"}],"replies":[{"embeddable":true,"href":"https:\/\/www.mendoza.gov.ar\/prensa\/wp-json\/wp\/v2\/comments?post=90447"}],"version-history":[{"count":0,"href":"https:\/\/www.mendoza.gov.ar\/prensa\/wp-json\/wp\/v2\/posts\/90447\/revisions"}],"wp:featuredmedia":[{"embeddable":true,"href":"https:\/\/www.mendoza.gov.ar\/prensa\/wp-json\/wp\/v2\/media\/90449"}],"wp:attachment":[{"href":"https:\/\/www.mendoza.gov.ar\/prensa\/wp-json\/wp\/v2\/media?parent=90447"}],"wp:term":[{"taxonomy":"category","embeddable":true,"href":"https:\/\/www.mendoza.gov.ar\/prensa\/wp-json\/wp\/v2\/categories?post=90447"},{"taxonomy":"post_tag","embeddable":true,"href":"https:\/\/www.mendoza.gov.ar\/prensa\/wp-json\/wp\/v2\/tags?post=90447"}],"curies":[{"name":"wp","href":"https:\/\/api.w.org\/{rel}","templated":true}]}}