{"id":90733,"date":"2017-05-19T08:22:37","date_gmt":"2017-05-19T11:22:37","guid":{"rendered":"http:\/\/prensa.mendoza.gov.ar\/?p=90733"},"modified":"2017-05-19T08:22:37","modified_gmt":"2017-05-19T11:22:37","slug":"osep-presente-en-el-xi-congreso-internacional-de-cirugia-bariatrica-y-metabolica","status":"publish","type":"post","link":"https:\/\/www.mendoza.gov.ar\/prensa\/osep-presente-en-el-xi-congreso-internacional-de-cirugia-bariatrica-y-metabolica\/","title":{"rendered":"OSEP presente en el XI Congreso Internacional de Cirug\u00eda Bari\u00e1trica y Metab\u00f3lica"},"content":{"rendered":"<!DOCTYPE html PUBLIC \"-\/\/W3C\/\/DTD HTML 4.0 Transitional\/\/EN\" \"http:\/\/www.w3.org\/TR\/REC-html40\/loose.dtd\">\n<html><body><div id=\"m_-9109637731466443991yui_3_16_0_ym19_1_1495134480034_3142\">Desde el mi&eacute;rcoles y hasta hoy, 19 de mayo, se realiza en el Hotel Intercontinental el XI Congreso Internacional de Cirug&iacute;a Bari&aacute;trica y Metab&oacute;lica. El evento concentra a figuras destacadas en el tema, de nuestro pa&iacute;s y del mundo. Est&aacute; destinado a: cirujanos, instrumentadores quir&uacute;rgicos, anestesi&oacute;logos, m&eacute;dicos cl&iacute;nicos, endocrin&oacute;logos, nutricionistas, psic&oacute;logos, psiquiatras, entrenadores f&iacute;sicos, cirujanos pl&aacute;sticos y coordinadores de equipos interdisciplinarios.El acto de apertura&nbsp;cont&oacute; con las palabras del director de OSEP, Sergio Vergara, y de los presidentes del congreso: el director del Departamento de Cirug&iacute;a Bari&aacute;trica no Invavasiva Metab&oacute;lica de la Universidad de San Diego, Santiago Horgan, y el director del Departamento de Cirug&iacute;a Bari&aacute;trica no Invasiva Metab&oacute;lica del Hospital Italiano, Pablo Omelanczuk.\n<p>El titular de OSEP destac&oacute; la necesidad de trabajar en la prevenci&oacute;n de esta patolog&iacute;a. A su vez, remarc&oacute; que la obra social, cuyos afiliados representan m&aacute;s de 20% de la poblaci&oacute;n de Mendoza, adem&aacute;s de brindar la asistencia quir&uacute;rgica, trabaja en el acompa&ntilde;amiento del paciente.<\/p>\n<p>El doctor Omelanczuk asegur&oacute; que el congreso sirve para mostrar los avances respecto de los m&eacute;todos de trabajo en este tipo de operaciones, como tambi&eacute;n presentar las nuevas tecnolog&iacute;as que sirven a la mejora de la pr&aacute;ctica quir&uacute;rgica, como la cirug&iacute;a rob&oacute;tica. En nuestro pa&iacute;s este procedimiento se est&aacute; desarrollando en el Hospital Churruca de Buenos Aires.<\/p>\n<\/div>\n<div dir=\"ltr\"><\/div>\n<div dir=\"ltr\"><a href=\"https:\/\/www.mendoza.gov.ar\/prensa\/wp-content\/uploads\/sites\/23\/congreso-cirugia-bariatrica_DSC7981.jpg\"><img loading=\"lazy\" class=\"alignnone wp-image-90736 img-responsive center-block\" src=\"https:\/\/www.mendoza.gov.ar\/prensa\/wp-content\/uploads\/sites\/23\/congreso-cirugia-bariatrica_DSC7981.jpg\" alt=\"\" width=\"721\" height=\"541\"><\/a><\/div>\n<\/body><\/html>\n","protected":false},"excerpt":{"rendered":"Participan destacados especialistas argentinos y del exterior.","protected":false},"author":2,"featured_media":90734,"comment_status":"open","ping_status":"open","sticky":false,"template":"","format":"standard","meta":[],"categories":[30],"tags":[],"_links":{"self":[{"href":"https:\/\/www.mendoza.gov.ar\/prensa\/wp-json\/wp\/v2\/posts\/90733"}],"collection":[{"href":"https:\/\/www.mendoza.gov.ar\/prensa\/wp-json\/wp\/v2\/posts"}],"about":[{"href":"https:\/\/www.mendoza.gov.ar\/prensa\/wp-json\/wp\/v2\/types\/post"}],"author":[{"embeddable":true,"href":"https:\/\/www.mendoza.gov.ar\/prensa\/wp-json\/wp\/v2\/users\/2"}],"replies":[{"embeddable":true,"href":"https:\/\/www.mendoza.gov.ar\/prensa\/wp-json\/wp\/v2\/comments?post=90733"}],"version-history":[{"count":0,"href":"https:\/\/www.mendoza.gov.ar\/prensa\/wp-json\/wp\/v2\/posts\/90733\/revisions"}],"wp:featuredmedia":[{"embeddable":true,"href":"https:\/\/www.mendoza.gov.ar\/prensa\/wp-json\/wp\/v2\/media\/90734"}],"wp:attachment":[{"href":"https:\/\/www.mendoza.gov.ar\/prensa\/wp-json\/wp\/v2\/media?parent=90733"}],"wp:term":[{"taxonomy":"category","embeddable":true,"href":"https:\/\/www.mendoza.gov.ar\/prensa\/wp-json\/wp\/v2\/categories?post=90733"},{"taxonomy":"post_tag","embeddable":true,"href":"https:\/\/www.mendoza.gov.ar\/prensa\/wp-json\/wp\/v2\/tags?post=90733"}],"curies":[{"name":"wp","href":"https:\/\/api.w.org\/{rel}","templated":true}]}}