{"id":90775,"date":"2017-05-19T12:15:32","date_gmt":"2017-05-19T15:15:32","guid":{"rendered":"http:\/\/prensa.mendoza.gov.ar\/?p=90775"},"modified":"2017-05-19T12:15:32","modified_gmt":"2017-05-19T15:15:32","slug":"cine-debate-en-el-misericordia","status":"publish","type":"post","link":"https:\/\/www.mendoza.gov.ar\/prensa\/cine-debate-en-el-misericordia\/","title":{"rendered":"Cine debate en la Maternidad Virgen de la Misericordia"},"content":{"rendered":"<!DOCTYPE html PUBLIC \"-\/\/W3C\/\/DTD HTML 4.0 Transitional\/\/EN\" \"http:\/\/www.w3.org\/TR\/REC-html40\/loose.dtd\">\n<html><body><div id=\"m_-6130370078559998814yui_3_16_0_ym19_1_1495205280908_3484\">En el marco de la Semana del Parto Respetado, profesionales de la Maternidad Virgen de la Misericordia realizaron un encuentro en la sala de conferencias, dirigido a trabajadoras y afiliadas de la Obra Social de Empleados P&uacute;blicos (OSEP). En esta ocasi&oacute;n, con el objetivo de realizar un cine debate, se proyect&oacute; la pel&iacute;cula <em>El primer grito.<\/em>El filme es un documental de Gilles de Maistre que muestra una visi&oacute;n de las diferentes culturas del mundo sobre el nacimiento, presentando 10 partos registrados en Francia, Estados Unidos, M&eacute;xico, Brasil, Nigeria, Tanzania, Jap&oacute;n, Vietnam, India y Siberia.De esta manera cierra la Semana del Parto Respetado, con actividades informativas que tuvieron como fin asistir y acompa&ntilde;ar de la mejor manera a nuestras afiliadas en la preparaci&oacute;n para el parto.\n<\/div>\n<div><\/div>\n<div><a href=\"https:\/\/www.mendoza.gov.ar\/prensa\/wp-content\/uploads\/sites\/23\/imagen-recortada-01.png\"><img loading=\"lazy\" class=\"alignnone size-full wp-image-90777 img-responsive center-block\" src=\"https:\/\/www.mendoza.gov.ar\/prensa\/wp-content\/uploads\/sites\/23\/imagen-recortada-01.png\" alt=\"\" width=\"400\" height=\"400\"><\/a><\/div>\n<\/body><\/html>\n","protected":false},"excerpt":{"rendered":"Se realiz\u00f3 como cierre de la Semana del Parto Respetado y fue con la proyecci\u00f3n de la pel\u00edcula &#8220;El primer grito&#8221;.","protected":false},"author":2,"featured_media":90776,"comment_status":"open","ping_status":"open","sticky":false,"template":"","format":"standard","meta":[],"categories":[30],"tags":[],"_links":{"self":[{"href":"https:\/\/www.mendoza.gov.ar\/prensa\/wp-json\/wp\/v2\/posts\/90775"}],"collection":[{"href":"https:\/\/www.mendoza.gov.ar\/prensa\/wp-json\/wp\/v2\/posts"}],"about":[{"href":"https:\/\/www.mendoza.gov.ar\/prensa\/wp-json\/wp\/v2\/types\/post"}],"author":[{"embeddable":true,"href":"https:\/\/www.mendoza.gov.ar\/prensa\/wp-json\/wp\/v2\/users\/2"}],"replies":[{"embeddable":true,"href":"https:\/\/www.mendoza.gov.ar\/prensa\/wp-json\/wp\/v2\/comments?post=90775"}],"version-history":[{"count":0,"href":"https:\/\/www.mendoza.gov.ar\/prensa\/wp-json\/wp\/v2\/posts\/90775\/revisions"}],"wp:featuredmedia":[{"embeddable":true,"href":"https:\/\/www.mendoza.gov.ar\/prensa\/wp-json\/wp\/v2\/media\/90776"}],"wp:attachment":[{"href":"https:\/\/www.mendoza.gov.ar\/prensa\/wp-json\/wp\/v2\/media?parent=90775"}],"wp:term":[{"taxonomy":"category","embeddable":true,"href":"https:\/\/www.mendoza.gov.ar\/prensa\/wp-json\/wp\/v2\/categories?post=90775"},{"taxonomy":"post_tag","embeddable":true,"href":"https:\/\/www.mendoza.gov.ar\/prensa\/wp-json\/wp\/v2\/tags?post=90775"}],"curies":[{"name":"wp","href":"https:\/\/api.w.org\/{rel}","templated":true}]}}